{"id":13954,"date":"2023-06-13T09:31:15","date_gmt":"2023-06-13T09:31:15","guid":{"rendered":"https:\/\/dekkbi.com\/?p=13954"},"modified":"2023-06-13T09:31:15","modified_gmt":"2023-06-13T09:31:15","slug":"promenade-des-thiessois-places-agora-et-mamadou-dia-le-maire-babacar-diop-veut-tout-revoir","status":"publish","type":"post","link":"https:\/\/dekkbi.com\/?p=13954","title":{"rendered":"PROMENADE DES THIESSOIS, PLACES AGORA ET MAMADOU DIA : Le Maire Babacar Diop veut tout revoir"},"content":{"rendered":"\n<p>Le maire de la ville de Thi\u00e8s, Dr Babacar Diop, a visit\u00e9 la 10\u00e8me \u00e9dition de la foire du mouton. Cet \u00e9v\u00e9nement est organis\u00e9 par le r\u00e9seau des \u00e9leveurs intensifs de Thi\u00e8s, \u00e0 la Promenade des Thiessois (ex Place de France). L\u2019\u00e9dile a saisi cette occasion pour apporter quelques \u00e9claircissements sur les crit\u00e8res d&rsquo;occupation de trois places \u00e0 savoir la \u00ab Promenade des Thiessois \u00bb, \u00ab Place Agora \u00bb et \u00ab Place Mamadou Dia \u00bb.<br>Sur l&rsquo;occupation de la \u00ab Promenade des Thiessois \u00bb, le maire de Thi\u00e8s s\u2019est engag\u00e9 \u00e0 revoir certains contrats et d\u00e9cisions concernant l&rsquo;occupation des lieux qui d\u00e9pendent de la ville. Le docteur Babacar Diop sollicite le soutien des citoyens de la ville dans ce combat pour lutter contre les occupations anarchiques.<br>Le premier magistrat de la ville a fait remarquer que \u00ab la mairie n&rsquo;a pas assez de revenus sur ces types de services \u00bb.\u00a0 \u00a0<br>\u00a0Le maire de Thi\u00e8s d\u2019\u00eatre cat\u00e9gorique : \u00ab pour une meilleure gouvernance locale, il est obligatoire de privatiser la \u2018\u2019 Promenade des Thiessois \u2018\u2019, la \u2018\u2019 Place Agora \u2018\u2019 et la \u2018\u2019 Place Mamadou Dia \u2018\u2019, pour qu\u2019au-moins pour la ville de Thi\u00e8s puisse avoir un capital lui permettant de r\u00e9gler certains probl\u00e8mes dans la cit\u00e9 \u00bb.<\/p>\n\n\n\n<p>Source &#8211; seneweb<\/p>\n","protected":false},"excerpt":{"rendered":"<p>Le maire de la ville de Thi\u00e8s, Dr Babacar Diop, a visit\u00e9 la 10\u00e8me \u00e9dition de la foire du mouton.<\/p>\n","protected":false},"author":1,"featured_media":13955,"comment_status":"open","ping_status":"open","sticky":false,"template":"","format":"standard","meta":{"footnotes":""},"categories":[21],"tags":[],"class_list":["post-13954","post","type-post","status-publish","format-standard","has-post-thumbnail","hentry","category-societe"],"_links":{"self":[{"href":"https:\/\/dekkbi.com\/index.php?rest_route=\/wp\/v2\/posts\/13954","targetHints":{"allow":["GET"]}}],"collection":[{"href":"https:\/\/dekkbi.com\/index.php?rest_route=\/wp\/v2\/posts"}],"about":[{"href":"https:\/\/dekkbi.com\/index.php?rest_route=\/wp\/v2\/types\/post"}],"author":[{"embeddable":true,"href":"https:\/\/dekkbi.com\/index.php?rest_route=\/wp\/v2\/users\/1"}],"replies":[{"embeddable":true,"href":"https:\/\/dekkbi.com\/index.php?rest_route=%2Fwp%2Fv2%2Fcomments&post=13954"}],"version-history":[{"count":1,"href":"https:\/\/dekkbi.com\/index.php?rest_route=\/wp\/v2\/posts\/13954\/revisions"}],"predecessor-version":[{"id":13956,"href":"https:\/\/dekkbi.com\/index.php?rest_route=\/wp\/v2\/posts\/13954\/revisions\/13956"}],"wp:featuredmedia":[{"embeddable":true,"href":"https:\/\/dekkbi.com\/index.php?rest_route=\/wp\/v2\/media\/13955"}],"wp:attachment":[{"href":"https:\/\/dekkbi.com\/index.php?rest_route=%2Fwp%2Fv2%2Fmedia&parent=13954"}],"wp:term":[{"taxonomy":"category","embeddable":true,"href":"https:\/\/dekkbi.com\/index.php?rest_route=%2Fwp%2Fv2%2Fcategories&post=13954"},{"taxonomy":"post_tag","embeddable":true,"href":"https:\/\/dekkbi.com\/index.php?rest_route=%2Fwp%2Fv2%2Ftags&post=13954"}],"curies":[{"name":"wp","href":"https:\/\/api.w.org\/{rel}","templated":true}]}}