{"id":13939,"date":"2023-06-13T09:10:46","date_gmt":"2023-06-13T09:10:46","guid":{"rendered":"https:\/\/dekkbi.com\/?p=13939"},"modified":"2023-06-13T09:10:47","modified_gmt":"2023-06-13T09:10:47","slug":"cameroun-john-fru-ndi-opposant-historique-a-paul-biya-est-decede","status":"publish","type":"post","link":"https:\/\/dekkbi.com\/?p=13939","title":{"rendered":"Cameroun : John Fru Ndi, opposant historique \u00e0 Paul Biya, est d\u00e9c\u00e9d\u00e9"},"content":{"rendered":"\n<p>John Fru Ndi, l&rsquo;un des opposants historiques au pr\u00e9sident Paul Biya, qui dirige le Cameroun d&rsquo;une main de fer depuis plus de 40 ans, est d\u00e9c\u00e9d\u00e9 \u00e0 81 ans \u00ab\u00a0des suites d&rsquo;une longue maladie\u00a0\u00bb, a annonc\u00e9 son parti mardi.<\/p>\n\n\n\n<p>Le pr\u00e9sident et fondateur du Social Democratic Front (SDF, ou Front Social-D\u00e9mocrate en fran\u00e7ais), premier parti d&rsquo;opposition repr\u00e9sent\u00e9 \u00e0 l&rsquo;Assembl\u00e9e nationale, est mort lundi peu avant minuit, a pr\u00e9cis\u00e9 le SDF dans un communiqu\u00e9.<\/p>\n\n\n\n<p>M. Fru Ndi avait \u00e9t\u00e9 \u00e0 trois reprises candidat malheureux contre M. Biya aux pr\u00e9sidentielles de 1992, 2004 et 2011, arrivant \u00e0 chaque fois en deuxi\u00e8me position.<\/p>\n\n\n\n<p>Le SDF est le premier parti d&rsquo;opposition repr\u00e9sent\u00e9 \u00e0 l&rsquo;Assembl\u00e9e nationale \u00e9lue en 2020, avec cinq si\u00e8ges, mais il en avait 18 dans la pr\u00e9c\u00e9dente l\u00e9gislature. Il a perdu de son influence ces derni\u00e8res ann\u00e9es face au tout-puissant Rassemblement D\u00e9mocratique du Peuple Camerounais (RDPC) de Paul Biya, 90 ans et pr\u00e9sident du Cameroun depuis 1982.<\/p>\n\n\n\n<p>Le SDF est r\u00e9guli\u00e8rement en proie \u00e0 des crises internes et M. Fru Ndi, surnomm\u00e9 \u00ab\u00a0le Chairman\u00a0\u00bb, y \u00e9tait tr\u00e8s contest\u00e9 par une frange de ses cadres ces derni\u00e8res ann\u00e9es, qui l&rsquo;accusaient notamment, sans apporter de preuves toutefois, de s&rsquo;\u00eatre enrichi personnellement gr\u00e2ce au financement public des partis repr\u00e9sent\u00e9s \u00e0 l&rsquo;Assembl\u00e9e nationale et de s&rsquo;\u00eatre fait \u00ab\u00a0acheter\u00a0\u00bb par le pouvoir soucieux d'\u00a0\u00bbamadouer\u00a0\u00bb l&rsquo;opposition.<\/p>\n\n\n\n<p>Lors de la derni\u00e8re pr\u00e9sidentielle de 2018, M. Fru Ndi, d\u00e9j\u00e0 malade, avait pouss\u00e9 son second Joshua Osih, vice-pr\u00e9sident du parti, \u00e0 se pr\u00e9senter \u00e0 sa place mais c&rsquo;est Maurice Kamto, leader du Mouvement pour la Renaissance du Cameroun (MRC) qui \u00e9tait arriv\u00e9 en deuxi\u00e8me position, rel\u00e9guant le candidat SDF loin derri\u00e8re, en quatri\u00e8me position.<\/p>\n\n\n\n<p>Depuis, M. Kamto, emprisonn\u00e9 neuf mois sans proc\u00e8s en 2019 pour des manifestations pacifiques contre le pouvoir de M. Biya, est devenu le principal opposant camerounais. Le MRC n&rsquo;a pas d&rsquo;\u00e9lus \u00e0 l&rsquo;Assembl\u00e9e parce qu&rsquo;il a boycott\u00e9 les l\u00e9gislatives de 2018.<\/p>\n\n\n\n<p>John Fru Ndi avait commenc\u00e9 en politique dans les ann\u00e9es 1980 au sein du RDPC de M. Biya avant de fonder le SDF en 1990 quand le Cameroun a l\u00e9galis\u00e9 le multipartisme.<\/p>\n\n\n\n<p>Il avait d&rsquo;abord \u00e9t\u00e9 marchand de fruits et l\u00e9gumes puis libraire.<\/p>\n\n\n\n<p>Il \u00e9tait n\u00e9 en 1941 \u00e0 Baba II, une commune limitrophe de Bamenda, alors situ\u00e9e au coeur de la partie du Cameroun sous mandat britannique et anglophone qui sera int\u00e9gr\u00e9e, pour partie, en 1961, au Cameroun devenu ind\u00e9pendant de la France un an plus t\u00f4t.<\/p>\n\n\n\n<p>Bamenda est le chef-lieu de la r\u00e9gion du Nord-Ouest. Avec le Sud-Ouest, elle est l&rsquo;une des deux r\u00e9gions ensanglant\u00e9es depuis plus de six ans par une guerre entre des groupes arm\u00e9s s\u00e9paratistes anglophones et l&rsquo;arm\u00e9e; les militaires ont \u00e9t\u00e9 d\u00e9p\u00each\u00e9s massivement par Paul Biya, intraitable face aux vell\u00e9it\u00e9s d&rsquo;ind\u00e9pendance d&rsquo;une partie de la minorit\u00e9 anglophone, qui s&rsquo;estime ostracis\u00e9e par la majorit\u00e9 francophone.<\/p>\n\n\n\n<p>M. Fru Ndi, notamment en faisant participer son parti \u00e0 tous les scrutins, n&rsquo;a jamais soutenu l&rsquo;id\u00e9e de l&rsquo;ind\u00e9pendance, ce qui lui a valu notamment d&rsquo;\u00eatre d\u00e9sign\u00e9 comme un \u00ab\u00a0ennemi\u00a0\u00bb dans sa r\u00e9gion par les s\u00e9paratistes les plus radicaux.<\/p>\n\n\n\n<p>Sa maison avait \u00e9t\u00e9 incendi\u00e9e et il avait m\u00eame \u00e9t\u00e9 bri\u00e8vement kidnapp\u00e9 en 2019 par un groupe arm\u00e9 qui avait affirm\u00e9 avoir voulu le convaincre de retirer les d\u00e9put\u00e9s SDF de l&rsquo;Assembl\u00e9e nationale.<\/p>\n\n\n\n<p>En 2019, M. Fru Ndi avait soutenu l&rsquo;id\u00e9e d&rsquo;une solution f\u00e9d\u00e9raliste avanc\u00e9e par les plus mod\u00e9r\u00e9s des s\u00e9paratistes mais rejet\u00e9e par le pouvoir.<\/p>\n\n\n\n<p>Les groupes arm\u00e9s comme les forces de l&rsquo;ordre sont r\u00e9guli\u00e8rement accus\u00e9s par l&rsquo;ONU et les ONG internationales d&rsquo;exactions et de crimes contre les civils dans les zones anglophones.<\/p>\n\n\n\n<p>Source &#8211; seneweb<\/p>\n","protected":false},"excerpt":{"rendered":"<p>John Fru Ndi, l&rsquo;un des opposants historiques au pr\u00e9sident Paul Biya, qui dirige le Cameroun d&rsquo;une main de fer depuis<\/p>\n","protected":false},"author":1,"featured_media":13940,"comment_status":"open","ping_status":"open","sticky":false,"template":"","format":"standard","meta":{"footnotes":""},"categories":[51],"tags":[],"class_list":["post-13939","post","type-post","status-publish","format-standard","has-post-thumbnail","hentry","category-general"],"_links":{"self":[{"href":"https:\/\/dekkbi.com\/index.php?rest_route=\/wp\/v2\/posts\/13939","targetHints":{"allow":["GET"]}}],"collection":[{"href":"https:\/\/dekkbi.com\/index.php?rest_route=\/wp\/v2\/posts"}],"about":[{"href":"https:\/\/dekkbi.com\/index.php?rest_route=\/wp\/v2\/types\/post"}],"author":[{"embeddable":true,"href":"https:\/\/dekkbi.com\/index.php?rest_route=\/wp\/v2\/users\/1"}],"replies":[{"embeddable":true,"href":"https:\/\/dekkbi.com\/index.php?rest_route=%2Fwp%2Fv2%2Fcomments&post=13939"}],"version-history":[{"count":1,"href":"https:\/\/dekkbi.com\/index.php?rest_route=\/wp\/v2\/posts\/13939\/revisions"}],"predecessor-version":[{"id":13941,"href":"https:\/\/dekkbi.com\/index.php?rest_route=\/wp\/v2\/posts\/13939\/revisions\/13941"}],"wp:featuredmedia":[{"embeddable":true,"href":"https:\/\/dekkbi.com\/index.php?rest_route=\/wp\/v2\/media\/13940"}],"wp:attachment":[{"href":"https:\/\/dekkbi.com\/index.php?rest_route=%2Fwp%2Fv2%2Fmedia&parent=13939"}],"wp:term":[{"taxonomy":"category","embeddable":true,"href":"https:\/\/dekkbi.com\/index.php?rest_route=%2Fwp%2Fv2%2Fcategories&post=13939"},{"taxonomy":"post_tag","embeddable":true,"href":"https:\/\/dekkbi.com\/index.php?rest_route=%2Fwp%2Fv2%2Ftags&post=13939"}],"curies":[{"name":"wp","href":"https:\/\/api.w.org\/{rel}","templated":true}]}}