{"id":13934,"date":"2023-06-13T09:05:42","date_gmt":"2023-06-13T09:05:42","guid":{"rendered":"https:\/\/dekkbi.com\/?p=13934"},"modified":"2023-06-13T09:05:43","modified_gmt":"2023-06-13T09:05:43","slug":"gouvernement-le-journal-enquete-annonce-un-remaniement","status":"publish","type":"post","link":"https:\/\/dekkbi.com\/?p=13934","title":{"rendered":"Gouvernement : le journal Enqu\u00eate annonce un remaniement"},"content":{"rendered":"\n<p>Si l\u2019on en croit Enqu\u00eate, le gouvernement sera bient\u00f4t remani\u00e9. Le journal rapporte que le Pr\u00e9sident Macky Sall a d\u2019ailleurs lanc\u00e9 les consultations en ce sens. La m\u00eame source ajoute que le nouvel attelage devrait \u00eatre en place au d\u00e9tour du dialogue national dont les conclusions sont attendues le 25 juin.<\/p>\n\n\n\n<p>Ouverture ou recentrage ? Int\u00e9grer de nouvelles t\u00eates, reflet de l\u2019aboutissement du dialogue, ou s\u2019entourer des plus fid\u00e8les parmi les fid\u00e8les pour affronter la conjoncture difficile ? Enqu\u00eate estime que ces deux pistes s\u2019ouvrent devant le chef de l\u2019\u00c9tat.<\/p>\n\n\n\n<p>Mais une chose est sure, selon le journal, en plus des minist\u00e8res des Sports et de l\u2019\u00c9levage, d\u00e9volus au Premier ministre depuis la d\u00e9mission des ministres issus de Rewmi, \u00e0 la suite de la rupture entre Idrissa Seck et Macky Sall, les d\u00e9partements assurant la tutelle de la s\u00e9curit\u00e9, de la justice et de la diplomatie devraient \u00eatre concern\u00e9s au premier chef.<\/p>\n\n\n\n<p>Objectif de Macky Sall ? Selon le m\u00eame quotidien d\u2019information, il s\u2019agira en m\u00eame temps de faciliter la mise en \u0153uvre des conclusions du dialogue national, d&rsquo;apporter une r\u00e9ponse aux \u00e9meutes de d\u00e9but juin, de redorer l\u2019image du S\u00e9n\u00e9gal au plan international et de \u00absanctionner\u00bb les membres de son gouvernement dont de pr\u00e9sum\u00e9es accointances avec Ousmane Sonko auraient \u00e9t\u00e9 d\u00e9couvertes gr\u00e2ce aux t\u00e9l\u00e9phones portables et \u00e0 l\u2019ordinateur saisis sur Ousmane Sonko lors de son interpellation suivie de son transfert \u00e0 son domicile \u00e0 Dakar alors qu\u2019il \u00e9tait en pleine \u00abCaravane de la libert\u00e9\u00bb<\/p>\n","protected":false},"excerpt":{"rendered":"<p>Si l\u2019on en croit Enqu\u00eate, le gouvernement sera bient\u00f4t remani\u00e9. Le journal rapporte que le Pr\u00e9sident Macky Sall a d\u2019ailleurs<\/p>\n","protected":false},"author":1,"featured_media":13935,"comment_status":"open","ping_status":"open","sticky":false,"template":"","format":"standard","meta":{"footnotes":""},"categories":[6],"tags":[],"class_list":["post-13934","post","type-post","status-publish","format-standard","has-post-thumbnail","hentry","category-politics"],"_links":{"self":[{"href":"https:\/\/dekkbi.com\/index.php?rest_route=\/wp\/v2\/posts\/13934","targetHints":{"allow":["GET"]}}],"collection":[{"href":"https:\/\/dekkbi.com\/index.php?rest_route=\/wp\/v2\/posts"}],"about":[{"href":"https:\/\/dekkbi.com\/index.php?rest_route=\/wp\/v2\/types\/post"}],"author":[{"embeddable":true,"href":"https:\/\/dekkbi.com\/index.php?rest_route=\/wp\/v2\/users\/1"}],"replies":[{"embeddable":true,"href":"https:\/\/dekkbi.com\/index.php?rest_route=%2Fwp%2Fv2%2Fcomments&post=13934"}],"version-history":[{"count":1,"href":"https:\/\/dekkbi.com\/index.php?rest_route=\/wp\/v2\/posts\/13934\/revisions"}],"predecessor-version":[{"id":13936,"href":"https:\/\/dekkbi.com\/index.php?rest_route=\/wp\/v2\/posts\/13934\/revisions\/13936"}],"wp:featuredmedia":[{"embeddable":true,"href":"https:\/\/dekkbi.com\/index.php?rest_route=\/wp\/v2\/media\/13935"}],"wp:attachment":[{"href":"https:\/\/dekkbi.com\/index.php?rest_route=%2Fwp%2Fv2%2Fmedia&parent=13934"}],"wp:term":[{"taxonomy":"category","embeddable":true,"href":"https:\/\/dekkbi.com\/index.php?rest_route=%2Fwp%2Fv2%2Fcategories&post=13934"},{"taxonomy":"post_tag","embeddable":true,"href":"https:\/\/dekkbi.com\/index.php?rest_route=%2Fwp%2Fv2%2Ftags&post=13934"}],"curies":[{"name":"wp","href":"https:\/\/api.w.org\/{rel}","templated":true}]}}