{"id":13921,"date":"2023-06-12T12:55:20","date_gmt":"2023-06-12T12:55:20","guid":{"rendered":"https:\/\/dekkbi.com\/?p=13921"},"modified":"2023-06-12T12:55:20","modified_gmt":"2023-06-12T12:55:20","slug":"des-choses-quil-a-le-droit-demporter-trump-sexprimera-mardi-apres-sa-comparution","status":"publish","type":"post","link":"https:\/\/dekkbi.com\/?p=13921","title":{"rendered":"\u201cDes choses qu\u2019il a le droit d\u2019emporter\u201d: Trump s&rsquo;exprimera mardi apr\u00e8s sa comparution"},"content":{"rendered":"\n<p><strong>L\u2019ancien pr\u00e9sident am\u00e9ricain Donald Trump, qui veut reconqu\u00e9rir la Maison Blanche en 2024, s\u2019exprimera mardi soir apr\u00e8s sa comparution en justice \u00e0 Miami, dans l\u2019affaire des archives pr\u00e9sidentielles pour laquelle il a \u00e9t\u00e9 inculp\u00e9, a annonc\u00e9 dimanche son \u00e9quipe de campagne.<\/strong><\/p>\n\n\n\n<p>Selon un communiqu\u00e9, Donald Trump s\u2019exprimera depuis l\u2019un des terrains de golf dont il est le propri\u00e9taire, dans le New Jersey, \u00e0 20H15 (mercredi 00H15 GMT), apr\u00e8s cette premi\u00e8re audience o\u00f9 il devrait tr\u00e8s probablement plaider non-coupable des charges de \u201cr\u00e9tention ill\u00e9gale d\u2019informations portant sur la s\u00e9curit\u00e9 nationale\u201d, \u201centrave \u00e0 la justice\u201d et \u201cfaux t\u00e9moignage\u201d.<\/p>\n\n\n\n<h2 class=\"wp-block-heading\">Ses proches d\u00e9noncent un proc\u00e8s politique<\/h2>\n\n\n\n<p>\u201cIl a parfaitement le droit de d\u00e9tenir des documents classifi\u00e9s qu\u2019il avait d\u00e9classifi\u00e9s\u201d, a assur\u00e9 sur Fox News l\u2019une de ses avocates, Alina Habba, \u00e0 deux jours de sa comparution devant un tribunal f\u00e9d\u00e9ral de Miami.<\/p>\n\n\n\n<p>\u201cCe sont des notes, des choses qu\u2019il a le droit d\u2019emporter\u201d, a-t-elle ajout\u00e9, balayant l\u2019id\u00e9e que son client puisse plaider coupable.<\/p>\n\n\n\n<p>\u201cL\u2019habilit\u00e9 du pr\u00e9sident \u00e0 classifier et \u00e0 contr\u00f4ler l\u2019acc\u00e8s aux informations relatives \u00e0 la s\u00e9curit\u00e9 nationale d\u00e9coule de la Constitution (&#8230;) Il a dit qu\u2019il avait d\u00e9classifi\u00e9 ce mat\u00e9riel, il peut le mettre o\u00f9 il veut, il peut le traiter comme il veut\u201d, a abond\u00e9 sur CNN le pr\u00e9sident de la commission judiciaire de la chambre des repr\u00e9sentants, Jim Jordan, un proche alli\u00e9.<\/p>\n\n\n\n<h2 class=\"wp-block-heading\">Une d\u00e9fense d\u00e9j\u00e0 fragilis\u00e9e<\/h2>\n\n\n\n<p>L\u2019argument, d\u00e9j\u00e0 mis en avant par Donald Trump, est battu en br\u00e8che dans l\u2019acte d\u2019accusation r\u00e9v\u00e9l\u00e9 jeudi. L\u2019ancien magnat de l\u2019immobilier y est vis\u00e9 par 37 chefs d\u2019inculpation pour avoir, lorsqu\u2019il a quitt\u00e9 la Maison Blanche, emport\u00e9 des milliers de documents dont certains confidentiels alors qu\u2019il aurait d\u00fb les confier aux Archives nationales, et pour avoir ensuite refus\u00e9 d\u2019en restituer la majeure partie en d\u00e9pit des demandes de la police f\u00e9d\u00e9rale (FBI).<\/p>\n\n\n\n<p>Ainsi, l\u2019acte d\u2019accusation r\u00e9v\u00e8le qu\u2019en juillet 2021, au club de golf lui appartenant dans le New Jersey, Donald Trump a montr\u00e9 \u00e0 quatre personnes d\u00e9pourvues d\u2019habilitation secret d\u00e9fense \u201cun plan d\u2019attaque\u201d que lui avait pr\u00e9par\u00e9 le minist\u00e8re de la D\u00e9fense lorsqu\u2019il \u00e9tait pr\u00e9sident.<\/p>\n\n\n\n<p>\u201cEn tant que pr\u00e9sident, j\u2019aurais pu les d\u00e9classifier (&#8230;) maintenant je ne le peux plus, mais il s\u2019agit toujours de secrets\u201d, dit-il sur un enregistrement audio cit\u00e9 par le document judiciaire.<\/p>\n\n\n\n<p>Toujours d\u2019apr\u00e8s l\u2019acte d\u2019accusation, les documents confidentiels \u201cincluaient des informations sur les capacit\u00e9s de d\u00e9fense des \u00c9tats-Unis et de pays \u00e9trangers\u201d, \u201csur les programmes nucl\u00e9aires\u201d am\u00e9ricains et \u201csur les vuln\u00e9rabilit\u00e9s potentielles en cas d\u2019attaque contre les \u00c9tats-Unis et leurs alli\u00e9s\u201d.<\/p>\n\n\n\n<p>\u201cC\u2019est un acte d\u2019accusation plut\u00f4t tr\u00e8s d\u00e9taill\u00e9. Et il est accablant\u201d, a estim\u00e9 sur Fox News l\u2019ancien ministre de la Justice de Donald Trump, Bill Barr, d\u00e9sormais critique envers l\u2019ancien pr\u00e9sident apr\u00e8s avoir \u00e9t\u00e9 l\u2019un de ses alli\u00e9s.<\/p>\n\n\n\n<p>\u201cL\u2019id\u00e9e que le pr\u00e9sident a une totale autorit\u00e9 pour d\u00e9cr\u00e9ter que tout document est personnel, c\u2019est ridicule\u201d, a encore dit M. Barr.<\/p>\n\n\n\n<h2 class=\"wp-block-heading\">Un pays divis\u00e9<\/h2>\n\n\n\n<p>Au lendemain de meetings o\u00f9 Donald Trump a d\u00e9nonc\u00e9 une \u201cchasse aux sorci\u00e8res\u201d, ses alli\u00e9s ont redoubl\u00e9 d\u2019arguments sur ce th\u00e8me.<\/p>\n\n\n\n<p>\u201cIls essaient une chose, puis ils en essaient une autre, et ils continuent de s\u2019en prendre \u00e0 lui\u201d, a d\u00e9nonc\u00e9 Jim Jordan, r\u00e9p\u00e9tant que les poursuites \u00e9taient orchestr\u00e9es par le camp Biden, alors que l\u2019acte d\u2019inculpation a \u00e9t\u00e9 adopt\u00e9 par un grand jury de citoyens en Floride.<\/p>\n\n\n\n<p>L\u2019ex-chef d\u2019\u00c9tat est notamment vis\u00e9 par des charges pour \u201cr\u00e9tention ill\u00e9gale d\u2019informations portant sur la s\u00e9curit\u00e9 nationale\u201d, \u201centrave \u00e0 la justice\u201d et \u201cfaux t\u00e9moignage\u201d.<\/p>\n\n\n\n<p>D\u2019apr\u00e8s un sondage ABC News\/Ipsos rendu public dimanche, 47% d\u2019un \u00e9chantillon de 910 Am\u00e9ricains interrog\u00e9s vendredi et samedi pensent que les charges dans ce dossier sont \u201cpolitiquement motiv\u00e9es\u201d, contre 37% qui ne le pensent pas. Mais dans le m\u00eame temps, 61% des sond\u00e9s estiment que ces poursuites sont \u201ctr\u00e8s graves\u201d (42%) ou \u201cassez graves\u201d (19%). Parmi les r\u00e9publicains, 38% le pensent aussi.<\/p>\n","protected":false},"excerpt":{"rendered":"<p>L\u2019ancien pr\u00e9sident am\u00e9ricain Donald Trump, qui veut reconqu\u00e9rir la Maison Blanche en 2024, s\u2019exprimera mardi soir apr\u00e8s sa comparution en<\/p>\n","protected":false},"author":1,"featured_media":10284,"comment_status":"open","ping_status":"open","sticky":false,"template":"","format":"standard","meta":{"footnotes":""},"categories":[51],"tags":[],"class_list":["post-13921","post","type-post","status-publish","format-standard","has-post-thumbnail","hentry","category-general"],"_links":{"self":[{"href":"https:\/\/dekkbi.com\/index.php?rest_route=\/wp\/v2\/posts\/13921","targetHints":{"allow":["GET"]}}],"collection":[{"href":"https:\/\/dekkbi.com\/index.php?rest_route=\/wp\/v2\/posts"}],"about":[{"href":"https:\/\/dekkbi.com\/index.php?rest_route=\/wp\/v2\/types\/post"}],"author":[{"embeddable":true,"href":"https:\/\/dekkbi.com\/index.php?rest_route=\/wp\/v2\/users\/1"}],"replies":[{"embeddable":true,"href":"https:\/\/dekkbi.com\/index.php?rest_route=%2Fwp%2Fv2%2Fcomments&post=13921"}],"version-history":[{"count":1,"href":"https:\/\/dekkbi.com\/index.php?rest_route=\/wp\/v2\/posts\/13921\/revisions"}],"predecessor-version":[{"id":13922,"href":"https:\/\/dekkbi.com\/index.php?rest_route=\/wp\/v2\/posts\/13921\/revisions\/13922"}],"wp:featuredmedia":[{"embeddable":true,"href":"https:\/\/dekkbi.com\/index.php?rest_route=\/wp\/v2\/media\/10284"}],"wp:attachment":[{"href":"https:\/\/dekkbi.com\/index.php?rest_route=%2Fwp%2Fv2%2Fmedia&parent=13921"}],"wp:term":[{"taxonomy":"category","embeddable":true,"href":"https:\/\/dekkbi.com\/index.php?rest_route=%2Fwp%2Fv2%2Fcategories&post=13921"},{"taxonomy":"post_tag","embeddable":true,"href":"https:\/\/dekkbi.com\/index.php?rest_route=%2Fwp%2Fv2%2Ftags&post=13921"}],"curies":[{"name":"wp","href":"https:\/\/api.w.org\/{rel}","templated":true}]}}