{"id":13910,"date":"2023-06-12T12:33:03","date_gmt":"2023-06-12T12:33:03","guid":{"rendered":"https:\/\/dekkbi.com\/?p=13910"},"modified":"2023-06-12T12:42:29","modified_gmt":"2023-06-12T12:42:29","slug":"kaolack-prieres-pour-la-stabilite-sociale-au-senegal-plus-dune-centaine-de-recitals-de-coran-pour-la-paix-dans-le-pays","status":"publish","type":"post","link":"https:\/\/dekkbi.com\/?p=13910","title":{"rendered":"Kaolack \u2013 pri\u00e8res pour la stabilit\u00e9 sociale au S\u00e9n\u00e9gal: plus d\u2019une centaine de r\u00e9citals de Coran pour la paix"},"content":{"rendered":"\n<p>Le quartier religieux de M\u00e9dina Baye a abrit\u00e9, hier dimanche, une s\u00e9ance de r\u00e9cital du Saint Coran. Initi\u00e9e par Cheikh Ibrahima Diallo, a\u00een\u00e9 du premier muezzin de la localit\u00e9, feu Thierno Diallo, cette rencontre a surtout \u00e9t\u00e9 un pr\u00e9texte pour contribuer au processus de retour de la paix au S\u00e9n\u00e9gal, apr\u00e8s les&nbsp; incidents qui ont \u00e9maill\u00e9 le pays les 1<sup>er<\/sup>, 2 et 3 juin derniers. Aussi pour certains pays de la sous-r\u00e9gion frapp\u00e9s, ces derni\u00e8res ann\u00e9es, par des querelles internes ou l\u2019effet djihadiste et le reste de l\u2019Afrique et du monde entier.<\/p>\n\n\n\n<p>Mobilisant ainsi plusieurs centaines d\u2019individus venus de partout \u00e0 travers la ville, cette s\u00e9ance d\u2019appel \u00e0 un retour \u00e0 Dieu \u00e9tait aussi l\u2019occasion pour les diff\u00e9rents guides religieux pr\u00e9sents en cette circonstance de sensibiliser les nombreux jeunes en d\u00e9perdition \u00e0 retourner vers Dieu et renouer avec les principes de l\u2019Islam afin de devenir des citoyens mod\u00e8les. Il s\u2019agissait \u00e9galement de les pousser \u00e0 se d\u00e9partir de certains comportements jug\u00e9s irrationnels et \u00e0 adopter les vertus et autres bonnes habitudes l\u00e9gu\u00e9s par nos anc\u00eatres.<\/p>\n\n\n\n<p>Ainsi soutenues par le Khalife g\u00e9n\u00e9ral de M\u00e9dina Baye, Cheikh Mahi Ibrahima Niasse, ces pri\u00e8res ont aussi \u00e9t\u00e9 adress\u00e9es aux agriculteurs et producteurs du pays pour que la prochaine campagne agricole connaisse une abondance&nbsp; et soit meilleure. Les religieux ont pri\u00e9 pour que tout ce qui sera r\u00e9colt\u00e9 cette saison puisse profiter aux populations et \u00e0 notre \u00e9conomie.<\/p>\n\n\n\n<p><strong>ABDOULAYE FALL<\/strong><\/p>\n\n\n\n<p>SUDQUOTIDIEN<\/p>\n","protected":false},"excerpt":{"rendered":"<p>Le quartier religieux de M\u00e9dina Baye a abrit\u00e9, hier dimanche, une s\u00e9ance de r\u00e9cital du Saint Coran. Initi\u00e9e par Cheikh<\/p>\n","protected":false},"author":1,"featured_media":13911,"comment_status":"open","ping_status":"open","sticky":false,"template":"","format":"standard","meta":{"footnotes":""},"categories":[21],"tags":[],"class_list":["post-13910","post","type-post","status-publish","format-standard","has-post-thumbnail","hentry","category-societe"],"_links":{"self":[{"href":"https:\/\/dekkbi.com\/index.php?rest_route=\/wp\/v2\/posts\/13910","targetHints":{"allow":["GET"]}}],"collection":[{"href":"https:\/\/dekkbi.com\/index.php?rest_route=\/wp\/v2\/posts"}],"about":[{"href":"https:\/\/dekkbi.com\/index.php?rest_route=\/wp\/v2\/types\/post"}],"author":[{"embeddable":true,"href":"https:\/\/dekkbi.com\/index.php?rest_route=\/wp\/v2\/users\/1"}],"replies":[{"embeddable":true,"href":"https:\/\/dekkbi.com\/index.php?rest_route=%2Fwp%2Fv2%2Fcomments&post=13910"}],"version-history":[{"count":2,"href":"https:\/\/dekkbi.com\/index.php?rest_route=\/wp\/v2\/posts\/13910\/revisions"}],"predecessor-version":[{"id":13917,"href":"https:\/\/dekkbi.com\/index.php?rest_route=\/wp\/v2\/posts\/13910\/revisions\/13917"}],"wp:featuredmedia":[{"embeddable":true,"href":"https:\/\/dekkbi.com\/index.php?rest_route=\/wp\/v2\/media\/13911"}],"wp:attachment":[{"href":"https:\/\/dekkbi.com\/index.php?rest_route=%2Fwp%2Fv2%2Fmedia&parent=13910"}],"wp:term":[{"taxonomy":"category","embeddable":true,"href":"https:\/\/dekkbi.com\/index.php?rest_route=%2Fwp%2Fv2%2Fcategories&post=13910"},{"taxonomy":"post_tag","embeddable":true,"href":"https:\/\/dekkbi.com\/index.php?rest_route=%2Fwp%2Fv2%2Ftags&post=13910"}],"curies":[{"name":"wp","href":"https:\/\/api.w.org\/{rel}","templated":true}]}}