{"id":13867,"date":"2023-06-12T10:47:52","date_gmt":"2023-06-12T10:47:52","guid":{"rendered":"https:\/\/dekkbi.com\/?p=13867"},"modified":"2023-06-12T10:47:52","modified_gmt":"2023-06-12T10:47:52","slug":"silvio-berlusconi-est-decede-a-lage-de-86-ans","status":"publish","type":"post","link":"https:\/\/dekkbi.com\/?p=13867","title":{"rendered":"Silvio Berlusconi est d\u00e9c\u00e9d\u00e9 \u00e0 l\u2019\u00e2ge de 86 ans"},"content":{"rendered":"\n<p>Silvio Berlusconi est d\u00e9c\u00e9d\u00e9 \u00e0 l\u2019\u00e2ge de 86 ans. L\u2019ex-Premier ministre italien \u00e9tait toujours s\u00e9nateur et pr\u00e9sident du parti Forza Italia, partenaire minoritaire de l\u2019actuelle coalition gouvernementale au pouvoir dirig\u00e9e par Giorgia Meloni.<\/p>\n\n\n\n<p>Il avait \u00e9t\u00e9 hospitalis\u00e9 vendredi dernier \u201cpour des examens\u201d et son \u00e9tat de sant\u00e9 s\u2019est rapidement d\u00e9t\u00e9rior\u00e9. Sa famille s\u2019\u00e9tait rendue \u00e0 son chevet. Il avait quitt\u00e9 ce m\u00eame h\u00f4pital le 19 mai apr\u00e8s y avoir pass\u00e9 45 jours.<\/p>\n\n\n\n<h2 class=\"wp-block-heading\">\u201cL\u2019immortel\u201d<\/h2>\n\n\n\n<p>Surnomm\u00e9 \u201cl\u2019immortel\u201d pour sa long\u00e9vit\u00e9 en politique et figurant parmi les hommes les plus riches de la p\u00e9ninsule avec une fortune \u00e9valu\u00e9e par Forbes \u00e0 6,4 milliards d\u2019euros, Silvio Berlusconi a \u00e9t\u00e9 hospitalis\u00e9 \u00e0 plusieurs reprises ces derni\u00e8res ann\u00e9es. En janvier 2022, il avait s\u00e9journ\u00e9 au San Raffaele pour traiter une infection urinaire. Au mois d\u2019avril pr\u00e9c\u00e9dent, il avait aussi \u00e9t\u00e9 hospitalis\u00e9 plus de trois semaines pour des \u201cs\u00e9quelles du Covid-19&Prime; qu\u2019il avait contract\u00e9 en septembre 2020. Il avait subi une importante op\u00e9ration \u00e0 c\u0153ur ouvert en 2016, puis une intervention pour traiter une occlusion intestinale au printemps 2019. En 1997, il avait \u00e9t\u00e9 op\u00e9r\u00e9 d\u2019une tumeur maligne \u00e0 la prostate (suite ci-dessous).<\/p>\n\n\n\n<figure class=\"wp-block-image\"><a href=\"https:\/\/www.7sur7.be\/monde\/silvio-berlusconi-est-decede-a-lage-de-86-ans~ab45a5278\/232151406\/\"><img decoding=\"async\" src=\"https:\/\/images0.persgroep.net\/rcs\/lVpsBzYVt8lFdrFJOdy68aolkXw\/diocontent\/232151406\/_fitwidth\/694\/?appId=21791a8992982cd8da851550a453bd7f&amp;quality=0.8\" alt=\"REUTERS\"\/><\/a><figcaption class=\"wp-element-caption\">\u00a9 REUTERS<\/figcaption><\/figure>\n\n\n\n<h2 class=\"wp-block-heading\">\u00c9ternel revenant<\/h2>\n\n\n\n<p>Le parcours de cet \u00e9ternel revenant, dont la mort politique fut maintes fois annonc\u00e9e \u00e0 tort, se confond avec l\u2019histoire italienne des trente derni\u00e8res ann\u00e9es. Premier ministre \u00e0 trois reprises entre 1994 et 2011 (de 1994 \u00e0 1995, de 2001 \u00e0 2006 et de 2008 \u00e0 2011), il \u00e9tait s\u00e9nateur et pr\u00e9sident de son parti de droite, Forza Italia, un partenaire mineur du gouvernement de coalition de la Premi\u00e8re ministre d\u2019extr\u00eame droite (Fratelli d\u2019Italia) Giorgia Meloni. Sa carri\u00e8re a \u00e9t\u00e9 marqu\u00e9e par des scandales et des probl\u00e8mes juridiques qui, au cours de la derni\u00e8re d\u00e9cennie, se sont concentr\u00e9s sur les proc\u00e9dures li\u00e9es \u00e0 ses fameuses soir\u00e9es sexuelles \u201cBunga Bunga\u201d (suite ci-dessous). <\/p>\n\n\n\n<p><\/p>\n\n\n\n<p>SOURCE 7SUR7<\/p>\n","protected":false},"excerpt":{"rendered":"<p>Silvio Berlusconi est d\u00e9c\u00e9d\u00e9 \u00e0 l\u2019\u00e2ge de 86 ans. L\u2019ex-Premier ministre italien \u00e9tait toujours s\u00e9nateur et pr\u00e9sident du parti Forza<\/p>\n","protected":false},"author":1,"featured_media":13868,"comment_status":"open","ping_status":"open","sticky":false,"template":"","format":"standard","meta":{"footnotes":""},"categories":[6],"tags":[],"class_list":["post-13867","post","type-post","status-publish","format-standard","has-post-thumbnail","hentry","category-politics"],"_links":{"self":[{"href":"https:\/\/dekkbi.com\/index.php?rest_route=\/wp\/v2\/posts\/13867","targetHints":{"allow":["GET"]}}],"collection":[{"href":"https:\/\/dekkbi.com\/index.php?rest_route=\/wp\/v2\/posts"}],"about":[{"href":"https:\/\/dekkbi.com\/index.php?rest_route=\/wp\/v2\/types\/post"}],"author":[{"embeddable":true,"href":"https:\/\/dekkbi.com\/index.php?rest_route=\/wp\/v2\/users\/1"}],"replies":[{"embeddable":true,"href":"https:\/\/dekkbi.com\/index.php?rest_route=%2Fwp%2Fv2%2Fcomments&post=13867"}],"version-history":[{"count":1,"href":"https:\/\/dekkbi.com\/index.php?rest_route=\/wp\/v2\/posts\/13867\/revisions"}],"predecessor-version":[{"id":13869,"href":"https:\/\/dekkbi.com\/index.php?rest_route=\/wp\/v2\/posts\/13867\/revisions\/13869"}],"wp:featuredmedia":[{"embeddable":true,"href":"https:\/\/dekkbi.com\/index.php?rest_route=\/wp\/v2\/media\/13868"}],"wp:attachment":[{"href":"https:\/\/dekkbi.com\/index.php?rest_route=%2Fwp%2Fv2%2Fmedia&parent=13867"}],"wp:term":[{"taxonomy":"category","embeddable":true,"href":"https:\/\/dekkbi.com\/index.php?rest_route=%2Fwp%2Fv2%2Fcategories&post=13867"},{"taxonomy":"post_tag","embeddable":true,"href":"https:\/\/dekkbi.com\/index.php?rest_route=%2Fwp%2Fv2%2Ftags&post=13867"}],"curies":[{"name":"wp","href":"https:\/\/api.w.org\/{rel}","templated":true}]}}