{"id":13842,"date":"2023-06-10T11:57:04","date_gmt":"2023-06-10T11:57:04","guid":{"rendered":"https:\/\/dekkbi.com\/?p=13842"},"modified":"2023-06-10T11:57:04","modified_gmt":"2023-06-10T11:57:04","slug":"diaspora-les-consulats-du-senegal-reprennent-service","status":"publish","type":"post","link":"https:\/\/dekkbi.com\/?p=13842","title":{"rendered":"Diaspora : Les Consulats du S\u00e9n\u00e9gal reprennent service"},"content":{"rendered":"\n<p>Le S\u00e9n\u00e9gal rouvre ses consulats \u00e0 l\u2019\u00e9tranger. Le minist\u00e8re des Affaires \u00e9trang\u00e8res et des S\u00e9n\u00e9galais de l\u2019Ext\u00e9rieur a annonc\u00e9, dans un communiqu\u00e9, ne \u00ab reprise des activit\u00e9s des consulats \u00e0 compter du vendredi 09 Juin 2023 \u00bb.Les expatri\u00e9s s\u00e9n\u00e9galais commen\u00e7aient \u00e0 ressentir les impacts de la fermeture des services diplomatiques. Plusieurs proc\u00e9dures sont rest\u00e9es en suspens. Le S\u00e9n\u00e9gal avait d\u00e9cid\u00e9 de la fermeture des consulats \u00e0 l\u2019\u00e9tranger apr\u00e8s le saccage de son bureau de Milan.\u00ab Cette reprise se fera en tenant compte de l\u2019\u00e9tat de d\u00e9gradation du mat\u00e9riel et des locaux pour ce qui concern\u00e9s consulats ayant subi des actes de vandalisme \u00bb a rappel\u00e9 le d\u00e9partement dirig\u00e9 par Aissata Tall Sall.Le minist\u00e8re des Affaires \u00e9trang\u00e8res et des S\u00e9n\u00e9galais de l\u2019Ext\u00e9rieur appelle ses compatriotes \u00ab \u00e0 la sauvegarde des structures et \u00e0 la pr\u00e9servation de l\u2019int\u00e9grit\u00e9 physique des membres du personnel qui sont au service de la Communaut\u00e9 \u00bb.<\/p>\n\n\n\n<p>LEQUOTIDIEN<\/p>\n","protected":false},"excerpt":{"rendered":"<p>Le S\u00e9n\u00e9gal rouvre ses consulats \u00e0 l\u2019\u00e9tranger. Le minist\u00e8re des Affaires \u00e9trang\u00e8res et des S\u00e9n\u00e9galais de l\u2019Ext\u00e9rieur a annonc\u00e9, dans<\/p>\n","protected":false},"author":1,"featured_media":13775,"comment_status":"open","ping_status":"open","sticky":false,"template":"","format":"standard","meta":{"footnotes":""},"categories":[6],"tags":[],"class_list":["post-13842","post","type-post","status-publish","format-standard","has-post-thumbnail","hentry","category-politics"],"_links":{"self":[{"href":"https:\/\/dekkbi.com\/index.php?rest_route=\/wp\/v2\/posts\/13842","targetHints":{"allow":["GET"]}}],"collection":[{"href":"https:\/\/dekkbi.com\/index.php?rest_route=\/wp\/v2\/posts"}],"about":[{"href":"https:\/\/dekkbi.com\/index.php?rest_route=\/wp\/v2\/types\/post"}],"author":[{"embeddable":true,"href":"https:\/\/dekkbi.com\/index.php?rest_route=\/wp\/v2\/users\/1"}],"replies":[{"embeddable":true,"href":"https:\/\/dekkbi.com\/index.php?rest_route=%2Fwp%2Fv2%2Fcomments&post=13842"}],"version-history":[{"count":1,"href":"https:\/\/dekkbi.com\/index.php?rest_route=\/wp\/v2\/posts\/13842\/revisions"}],"predecessor-version":[{"id":13843,"href":"https:\/\/dekkbi.com\/index.php?rest_route=\/wp\/v2\/posts\/13842\/revisions\/13843"}],"wp:featuredmedia":[{"embeddable":true,"href":"https:\/\/dekkbi.com\/index.php?rest_route=\/wp\/v2\/media\/13775"}],"wp:attachment":[{"href":"https:\/\/dekkbi.com\/index.php?rest_route=%2Fwp%2Fv2%2Fmedia&parent=13842"}],"wp:term":[{"taxonomy":"category","embeddable":true,"href":"https:\/\/dekkbi.com\/index.php?rest_route=%2Fwp%2Fv2%2Fcategories&post=13842"},{"taxonomy":"post_tag","embeddable":true,"href":"https:\/\/dekkbi.com\/index.php?rest_route=%2Fwp%2Fv2%2Ftags&post=13842"}],"curies":[{"name":"wp","href":"https:\/\/api.w.org\/{rel}","templated":true}]}}