{"id":13820,"date":"2023-06-10T10:36:36","date_gmt":"2023-06-10T10:36:36","guid":{"rendered":"https:\/\/dekkbi.com\/?p=13820"},"modified":"2023-06-10T10:36:36","modified_gmt":"2023-06-10T10:36:36","slug":"interdiction-des-manifestations-des-9-et-10-juin-le-prefet-de-dakar-en-donne-les-raisons","status":"publish","type":"post","link":"https:\/\/dekkbi.com\/?p=13820","title":{"rendered":"Interdiction des manifestations des 9 et 10 juin: Le Pr\u00e9fet de Dakar en donne les raisons !"},"content":{"rendered":"\n<p>le Soleil <\/p>\n\n\n\n<p>A travers un communiqu\u00e9, la Pr\u00e9fecture de Dakar dit avoir enregistr\u00e9 des d\u00e9clarations de manifestations sur la voie publique projet\u00e9es dans la p\u00e9riode du 09 au 16 juin 2023, par des entit\u00e9s politiques ou mouvements de soutien politiques.Celles-ci interviennent apr\u00e8s les incidents malheureux enregistr\u00e9s la semaine derni\u00e8re et ayant entrain\u00e9 des pertes en vies humaines et de nombreuses d\u00e9gradations de biens publics et priv\u00e9s, lit-on dans ce document. Qui rel\u00e8ve, en outre, que conform\u00e9ment aux dispositions relatives aux manifestations sur la voie publique, leur examen a r\u00e9v\u00e9l\u00e9 pour certaines, le non-respect du d\u00e9lai l\u00e9gal.C\u2019est le cas notamment des d\u00e9clarations de rassemblements projet\u00e9s par la structure d\u00e9nomm\u00e9e \u00ab Y EN A MARRE \u00bb et le Groupe \u00ab WAL FADJRI \u00bb, le vendredi 09 juin 2023, de 15 heures \u00e0 19 heures, respectivement \u00e0 la Place de la Nation et devant les locaux dudit groupe.En cons\u00e9quence, l\u2019irrecevabilit\u00e9 de celles-ci a \u00e9t\u00e9 constat\u00e9e et notifi\u00e9e aux d\u00e9clarants.S\u2019agissant, par ailleurs, des autres manifestations projet\u00e9es le samedi 10 juin 2023, notamment la marche d\u00e9clar\u00e9e par la structure d\u00e9nomm\u00e9e \u00abFRAPP\u00bb, ayant comme itin\u00e9raire l\u2019autopont Saint Lazare \u2013 VDN \u2013 Rond-point \u00e9cole normale, de 15 heures \u00e0 19 heures et les rassemblements projet\u00e9s par le mouvement \u00ab AND DEFAR SUNU REEW FALAAT MACKY SALL \u00bb, au terrain de football sis \u00e0 l\u2019unit\u00e9 22 des Parcelles assainies, 15 heures \u00e0 20 heures et par la \u00abCONVERGENCE DES DEMOCRATES POUR LA SAUVEGARDE DE LA REPUBLIQUE EN 2024 (S24) \u00bb, \u00e0 la place de la Nation de 15 heures \u00e0 19 heures, l\u2019instruction a laiss\u00e9 appara\u00eetre, selon le cas, des menaces r\u00e9elles de troubles \u00e0 l\u2019ordre public et de sabotage, des risques de saccage de biens publics ou priv\u00e9s li\u00e9s \u00e0 de possibles d\u00e9bordements, des risques d\u2019infiltration par des individus mal intentionn\u00e9s.Toutes ces raisons ont conduit \u00e0 l\u2019interdiction de ces manifestations, dans le but de pr\u00e9server l\u2019ordre public et la paix sociale, selon l\u2019autorit\u00e9 pr\u00e9fectorale. Pour Mor Talla Tine, il s\u2019y ajoute que le contexte actuel est marqu\u00e9 par les pr\u00e9paratifs de la f\u00eate de Tabaski et n\u00e9cessite une libre circulation des personnes et des biens. Il est donc \u00e9vident que la fermeture pendant quatre (04) heures, par exemple de la VDN comporte, sans nul doute, un impact n\u00e9gatif sur la fluidit\u00e9 de la circulation et sur l\u2019\u00e9conomie<\/p>\n","protected":false},"excerpt":{"rendered":"<p>le Soleil A travers un communiqu\u00e9, la Pr\u00e9fecture de Dakar dit avoir enregistr\u00e9 des d\u00e9clarations de manifestations sur la voie<\/p>\n","protected":false},"author":1,"featured_media":13821,"comment_status":"open","ping_status":"open","sticky":false,"template":"","format":"standard","meta":{"footnotes":""},"categories":[21],"tags":[],"class_list":["post-13820","post","type-post","status-publish","format-standard","has-post-thumbnail","hentry","category-societe"],"_links":{"self":[{"href":"https:\/\/dekkbi.com\/index.php?rest_route=\/wp\/v2\/posts\/13820","targetHints":{"allow":["GET"]}}],"collection":[{"href":"https:\/\/dekkbi.com\/index.php?rest_route=\/wp\/v2\/posts"}],"about":[{"href":"https:\/\/dekkbi.com\/index.php?rest_route=\/wp\/v2\/types\/post"}],"author":[{"embeddable":true,"href":"https:\/\/dekkbi.com\/index.php?rest_route=\/wp\/v2\/users\/1"}],"replies":[{"embeddable":true,"href":"https:\/\/dekkbi.com\/index.php?rest_route=%2Fwp%2Fv2%2Fcomments&post=13820"}],"version-history":[{"count":1,"href":"https:\/\/dekkbi.com\/index.php?rest_route=\/wp\/v2\/posts\/13820\/revisions"}],"predecessor-version":[{"id":13822,"href":"https:\/\/dekkbi.com\/index.php?rest_route=\/wp\/v2\/posts\/13820\/revisions\/13822"}],"wp:featuredmedia":[{"embeddable":true,"href":"https:\/\/dekkbi.com\/index.php?rest_route=\/wp\/v2\/media\/13821"}],"wp:attachment":[{"href":"https:\/\/dekkbi.com\/index.php?rest_route=%2Fwp%2Fv2%2Fmedia&parent=13820"}],"wp:term":[{"taxonomy":"category","embeddable":true,"href":"https:\/\/dekkbi.com\/index.php?rest_route=%2Fwp%2Fv2%2Fcategories&post=13820"},{"taxonomy":"post_tag","embeddable":true,"href":"https:\/\/dekkbi.com\/index.php?rest_route=%2Fwp%2Fv2%2Ftags&post=13820"}],"curies":[{"name":"wp","href":"https:\/\/api.w.org\/{rel}","templated":true}]}}