{"id":13794,"date":"2023-06-09T11:03:26","date_gmt":"2023-06-09T11:03:26","guid":{"rendered":"https:\/\/dekkbi.com\/?p=13794"},"modified":"2023-06-09T12:38:13","modified_gmt":"2023-06-09T12:38:13","slug":"escalade-de-la-violence-en-banlieue-lassociation-des-imams-et-oulemas-de-pikine-invite-a-la-retenue","status":"publish","type":"post","link":"https:\/\/dekkbi.com\/?p=13794","title":{"rendered":"Violence en banlieue: les Imams et Oul\u00e9mas de Pikine invite \u00e0 la retenue"},"content":{"rendered":"\n<p><strong>Les \u00e9meutes ont occasionn\u00e9 des morts et des bless\u00e9s n\u2019ont pas laiss\u00e9 les religieux indiff\u00e9rents. L\u2019Association des Imams et Oul\u00e9mas du d\u00e9partement de Pikine a fait une d\u00e9claration, \u00e0 la grande mosqu\u00e9e de Pikine, pour inviter les forces vives de la nation autour d\u2019une table pour d\u00e9crisper la situation trop tendue.<\/strong><\/p>\n\n\n\n<p><em>\u00abLa tension est vive et tous les S\u00e9n\u00e9galais sont inquiets, la peur gagne les esprits. En tant que Imams et hommes religieux, nous nous sommes lev\u00e9s pour inviter les S\u00e9n\u00e9galais,&nbsp; sans exception, \u00e0 la retenue, \u00e0 l\u2019apaisement du climat social qui est actuellement tr\u00e8s tendu\u00bb,<\/em>&nbsp;a laiss\u00e9 entendre imam Abass Gadiaga, secr\u00e9taire g\u00e9n\u00e9ral (Sg) de l\u2019Association des Imams et Oul\u00e9mas du d\u00e9partement de Pikine. Pour ces religieux qui ont fait &nbsp;une d\u00e9claration sur la situation socio-politique sous tension qui pr\u00e9vaut au S\u00e9n\u00e9gal, \u00e0 la grande mosqu\u00e9e de Pikine, l\u2019Islam est une religion de paix, qui pr\u00f4ne la paix et d\u00e9nonce fermement toutes sortes de violences. Sans la paix on ne peut pas s\u2019acquitter correctement de nos obligations religieuses.<\/p>\n\n\n\n<p>Et le Secr\u00e9taire g\u00e9n\u00e9ral des imams de Pikine de poursuivre&nbsp;:&nbsp;<em>\u00abNous invitons tous les chefs religieux et coutumiers du pays \u00e0 acc\u00e9l\u00e9rer les d\u00e9marches en vue de d\u00e9crisper la situation tendue dans ce pays. Mais aussi, nous exhortons tous les citoyens \u00e0 \u0153uvrer pour la stabilit\u00e9 du pays qui est le n\u00f4tre et qui ne peut se d\u00e9velopper sans la paix\u00bb,<\/em>&nbsp;a martel\u00e9 le Sg.<\/p>\n\n\n\n<p>A l\u2019endroit des politiques, l\u2019Association des Imams et Oul\u00e9ma de Pikine invite \u00e0 privil\u00e9gier le dialogue et la concertation et \u00e0 l\u2019esprit de d\u00e9passement, pour l\u2019int\u00e9r\u00eat du S\u00e9n\u00e9gal.&nbsp;<em>\u00abNous appelons aussi la classe politique \u00e0 adopter des attitudes et des comportements citoyens pour favoriser la r\u00e9solution pacifique des probl\u00e8mes par le dialogue, la concertation et le d\u00e9passement pour l\u2019int\u00e9r\u00eat sup\u00e9rieur de la nation. Le dialogue, la recherche de compromis, la n\u00e9gociation et la concertation sont autant de termes qui traduisent un \u00e9tat d\u2019esprit o\u00f9 les personnes font la d\u00e9marche d\u2019aller vers les autres pour trouver une issue heureuse \u00e0 une crise\u00bb,&nbsp;<\/em>a soutenu le Sg administratif Elh Malick Hann. Avant de r\u00e9v\u00e9ler que&nbsp;&nbsp;<em>\u00abla paix est un don de Dieu\u00bb,<\/em>&nbsp;qu\u2019il nous faut demander, et auquel il nous faut contribuer. Ainsi, il a pri\u00e9 pour la paix dans nos familles, dans notre pays et en chacun de nous.<\/p>\n\n\n\n<p><strong>Moussa THIAM<\/strong><\/p>\n\n\n\n<p>SUDQUOTIDIEN<\/p>\n","protected":false},"excerpt":{"rendered":"<p>Les \u00e9meutes ont occasionn\u00e9 des morts et des bless\u00e9s n\u2019ont pas laiss\u00e9 les religieux indiff\u00e9rents. L\u2019Association des Imams et Oul\u00e9mas<\/p>\n","protected":false},"author":1,"featured_media":13795,"comment_status":"open","ping_status":"open","sticky":false,"template":"","format":"standard","meta":{"footnotes":""},"categories":[26],"tags":[],"class_list":["post-13794","post","type-post","status-publish","format-standard","has-post-thumbnail","hentry","category-fait-divers"],"_links":{"self":[{"href":"https:\/\/dekkbi.com\/index.php?rest_route=\/wp\/v2\/posts\/13794","targetHints":{"allow":["GET"]}}],"collection":[{"href":"https:\/\/dekkbi.com\/index.php?rest_route=\/wp\/v2\/posts"}],"about":[{"href":"https:\/\/dekkbi.com\/index.php?rest_route=\/wp\/v2\/types\/post"}],"author":[{"embeddable":true,"href":"https:\/\/dekkbi.com\/index.php?rest_route=\/wp\/v2\/users\/1"}],"replies":[{"embeddable":true,"href":"https:\/\/dekkbi.com\/index.php?rest_route=%2Fwp%2Fv2%2Fcomments&post=13794"}],"version-history":[{"count":3,"href":"https:\/\/dekkbi.com\/index.php?rest_route=\/wp\/v2\/posts\/13794\/revisions"}],"predecessor-version":[{"id":13800,"href":"https:\/\/dekkbi.com\/index.php?rest_route=\/wp\/v2\/posts\/13794\/revisions\/13800"}],"wp:featuredmedia":[{"embeddable":true,"href":"https:\/\/dekkbi.com\/index.php?rest_route=\/wp\/v2\/media\/13795"}],"wp:attachment":[{"href":"https:\/\/dekkbi.com\/index.php?rest_route=%2Fwp%2Fv2%2Fmedia&parent=13794"}],"wp:term":[{"taxonomy":"category","embeddable":true,"href":"https:\/\/dekkbi.com\/index.php?rest_route=%2Fwp%2Fv2%2Fcategories&post=13794"},{"taxonomy":"post_tag","embeddable":true,"href":"https:\/\/dekkbi.com\/index.php?rest_route=%2Fwp%2Fv2%2Ftags&post=13794"}],"curies":[{"name":"wp","href":"https:\/\/api.w.org\/{rel}","templated":true}]}}