{"id":13760,"date":"2023-06-09T09:58:05","date_gmt":"2023-06-09T09:58:05","guid":{"rendered":"https:\/\/dekkbi.com\/?p=13760"},"modified":"2023-06-09T13:33:28","modified_gmt":"2023-06-09T13:33:28","slug":"idrissa-seck-le-senegal-est-une-grande-nation-democratique-qui-peut-connaitre-par-moments-des-crises-violentes","status":"publish","type":"post","link":"https:\/\/dekkbi.com\/?p=13760","title":{"rendered":"Idrissa Seck : \u00ab\u00a0Le S\u00e9n\u00e9gal est une grande nation d\u00e9mocratique qui peut conna\u00eetre par moments des crises violentes\u00a0\u00bb"},"content":{"rendered":"\n<p>Mes chers compatriotes<\/p>\n\n\n\n<p>J\u2019ai lu avec int\u00e9r\u00eat un trio d\u2019intellectuels c\u00e9l\u00e8bres, Boris, Mbougar et Felwine, mais leurs propos m\u2019ont paru manquer de nuance et d\u2019\u00e9quilibre, voire d\u2019\u00e9quit\u00e9, et m\u2019ont donn\u00e9 le sentiment qu\u2019ils parlaient sous la dict\u00e9e de ma\u00eetres autre que la \u00ab V\u00e9rit\u00e9 \u00bb, par\u00e9s de leurs attributs de grand intellectuel, sans doute pour donner une apparence de poids \u00e0 leurs paroles biais\u00e9es et partisanes.<\/p>\n\n\n\n<p>Du haut des septi\u00e8me \u00ab Hauteurs \u00bb qu\u2019ils me permettent ce rappel : lorsque l\u2019intellectuel trempe sa plume dans son encre pour transcrire sur son papier les conjectures de son esprit, son premier devoir, est se souvenir \u00ab qu\u2019il ne lui est donn\u00e9 que peu de science \u00bb. C\u2019est seulement sous la contrainte de cette humilit\u00e9 qu\u2019il doit s\u2019adresser \u00e0 un peuple de lecteurs o\u00f9 s\u00e9journent des \u00ab dou\u00e9s d\u2019intelligence \u00bb, anonymes et silencieux, capables de d\u00e9tecter leurs motivations les plus secr\u00e8tes et les commandes qui les actionnent.<\/p>\n\n\n\n<p>Le S\u00e9n\u00e9gal est une grande nation d\u00e9mocratique qui peut conna\u00eetre par moments des crises violentes comme la France et ses \u00ab gilets jaunes \u00bb ou les Etats-Unis et leur \u00ab attaque du Capitole \u00bb. Viendrait-il \u00e0 l\u2019esprit d\u2019un intellectuel de d\u00e9cr\u00e9ter la fin de la d\u00e9mocratie en France ou aux Etats-Unis, lorsque des camions de gendarmerie et de police y sont br\u00fbl\u00e9s ou des tueries de masse organis\u00e9es ? Non. On se r\u00e9jouit que l\u2019\u00c9tat y restaure l\u2019ordre et le r\u00e8gne de la loi. Pourquoi ne nous devons vous pas le m\u00eame respect ? Je r\u00e9p\u00e8te : \u00ab le Pr\u00e9sident de la R\u00e9publique a une mission essentielle, urgente, prot\u00e9ger la R\u00e9publique, ses Institutions, sa Constitution et ses Lois, ses Citoyens et leurs Biens. \u00bb C\u2019est cela l\u2019int\u00e9r\u00eat vital national. Toute faiblesse affich\u00e9e dans l\u2019accomplissement de cette mission, qui exige bien \u00e9videmment l\u2019observance par l\u2019\u00c9tat lui-m\u00eame des r\u00e8gles constitutionnelles et l\u00e9gales, serait une trahison du mandat accord\u00e9 par le peuple. Concentrons-nous donc sur cela pour l\u2019instant.<\/p>\n\n\n\n<blockquote class=\"wp-block-quote is-layout-flow wp-block-quote-is-layout-flow\">\n<h2 class=\"wp-block-heading\"><strong><a href=\"https:\/\/lequotidien.sn\/cette-verite-quon-cherche-a-enfouir-dans-la-plus-secrete-memoire-des-hommes\/\">Cette v\u00e9rit\u00e9 qu\u2019on cherche \u00e0 enfouir dans \u00abla plus secr\u00e8te m\u00e9moire des hommes\u00bb<\/a><\/strong><\/h2>\n<\/blockquote>\n\n\n\n<p>Le sujet du troisi\u00e8me mandat reste central, mais il ne sera devenu une r\u00e9alit\u00e9 que si le Pr\u00e9sident de la R\u00e9publique l\u2019annonce, si le Conseil constitutionnel le valide, et si le peuple l\u2019octroie. Une s\u00e9rie de \u00ab si \u00bb, \u00e0 mon humble avis, peu probables dans leur int\u00e9gralit\u00e9.<\/p>\n\n\n\n<p>Souvenons-nous \u00e9galement que l\u2019histoire humaine est remplie de \u00ab cit\u00e9s d\u00e9truites \u00bb dont les arch\u00e9ologues ne nous ont pas encore r\u00e9v\u00e9l\u00e9 les secrets des ruines. Ces cit\u00e9s ont eu en commun \u00ab le r\u00e8gne de l\u2019injustice \u00bb.<\/p>\n\n\n\n<blockquote class=\"wp-block-quote is-layout-flow wp-block-quote-is-layout-flow\">\n<h2 class=\"wp-block-heading\"><strong><a href=\"https:\/\/lequotidien.sn\/cette-verite-que-lon-ne-saurait-oublier-de-vous-dire\/\">Cette v\u00e9rit\u00e9 que l\u2019on ne saurait oublier de vous dire<\/a><\/strong><\/h2>\n<\/blockquote>\n\n\n\n<p>Si un citoyen, parce que leader politique, s\u2019autorise le droit d\u2019insulter les juges et les forces de s\u00e9curit\u00e9 et de d\u00e9fense, de menacer de mort le chef de l\u2019Etat, d\u2019appeler ouvertement \u00e0 l\u2019insurrection et de rester libre, il n\u2019y a pas d\u2019Etat, il n\u2019y a pas de justice.<\/p>\n\n\n\n<p>Si un citoyen peut impun\u00e9ment calomnier et diffamer d\u2019autres citoyens, il n\u2019y a pas d\u2019Etat, il n\u2019y a pas de justice.<br>Si un citoyen peut user de son leadership pour s\u2019octroyer les faveurs d\u2019une jeune mineure et refuser de se soumettre \u00e0 la justice de son pays, il n\u2019y a pas d\u2019Etat, il n\u2019y a pas de justice.<\/p>\n\n\n\n<p>Si un chef d\u2019Etat, apr\u00e8s deux mandats cons\u00e9cutifs, s\u2019extirpe du \u00ab Nul ne peut \u2026 \u00bb constitutionnel, et impose \u00e0 son peuple un troisi\u00e8me mandat, il n\u2019y a pas d\u2019Etat, il n\u2019y a pas de justice.<\/p>\n\n\n\n<p>Aucun des motifs ci-dessus list\u00e9s ne m\u00e9rite cependant les morts d\u2019innocents s\u00e9n\u00e9galais et les drames de la violence actuelle.<\/p>\n\n\n\n<blockquote class=\"wp-block-quote is-layout-flow wp-block-quote-is-layout-flow\">\n<h2 class=\"wp-block-heading\"><strong><a href=\"https:\/\/lequotidien.sn\/crise-au-senegal-un-discours-pour-des-lendemains-meilleurs\/\">Crise au S\u00e9n\u00e9gal : Un discours pour des lendemains meilleurs<\/a><\/strong><\/h2>\n<\/blockquote>\n\n\n\n<p>Souvenons-nous enfin que la trame de l\u2019histoire humaine peut nous inciter \u00e0 la vigilance et \u00e0 la prudence. Quelle est cette trame ? C\u2019est l\u2019histoire d\u2019un couple heureux, vivant dans un immense jardin, dot\u00e9 de toutes les richesses n\u00e9cessaires \u00e0 son bonheur. Puis il re\u00e7oit la visite d\u2019un \u00ab conseiller furtif \u00bb et il se laisse tenter, berner, suborner par un \u00ab ennemi jur\u00e9, orgueilleux et m\u00e9prisable \u00bb, mais dot\u00e9 de \u00ab la facult\u00e9 de nous observer sans nous \u00eatre visible \u00bb. Puis le conseiller furtif manipula le couple en se servant de \u00ab son d\u00e9sir d\u2019\u00e9ternit\u00e9 et de gloire \u00bb. Puis le couple l\u2019\u00e9couta et le suivit et fut \u00ab d\u00e9nud\u00e9 et d\u00e9chu \u00bb, condamn\u00e9 \u00e0 des efforts incommensurables pour retrouver le chemin de son bonheur pass\u00e9.<\/p>\n\n\n\n<p>Le S\u00e9n\u00e9gal peut sortir de cette crise et de toutes les autres, mais pas sans efforts, sans introspection pour vaincre la b\u00eatise, l\u2019hypocrisie, la malhonn\u00eatet\u00e9, bref sans DROITURE. Et chacun d\u2019entre nous est interpell\u00e9 \u00e0 ce sujet. Je vous remercie.<\/p>\n","protected":false},"excerpt":{"rendered":"<p>Mes chers compatriotes J\u2019ai lu avec int\u00e9r\u00eat un trio d\u2019intellectuels c\u00e9l\u00e8bres, Boris, Mbougar et Felwine, mais leurs propos m\u2019ont paru<\/p>\n","protected":false},"author":1,"featured_media":13810,"comment_status":"open","ping_status":"open","sticky":false,"template":"","format":"standard","meta":{"footnotes":""},"categories":[6],"tags":[],"class_list":["post-13760","post","type-post","status-publish","format-standard","has-post-thumbnail","hentry","category-politics"],"_links":{"self":[{"href":"https:\/\/dekkbi.com\/index.php?rest_route=\/wp\/v2\/posts\/13760","targetHints":{"allow":["GET"]}}],"collection":[{"href":"https:\/\/dekkbi.com\/index.php?rest_route=\/wp\/v2\/posts"}],"about":[{"href":"https:\/\/dekkbi.com\/index.php?rest_route=\/wp\/v2\/types\/post"}],"author":[{"embeddable":true,"href":"https:\/\/dekkbi.com\/index.php?rest_route=\/wp\/v2\/users\/1"}],"replies":[{"embeddable":true,"href":"https:\/\/dekkbi.com\/index.php?rest_route=%2Fwp%2Fv2%2Fcomments&post=13760"}],"version-history":[{"count":1,"href":"https:\/\/dekkbi.com\/index.php?rest_route=\/wp\/v2\/posts\/13760\/revisions"}],"predecessor-version":[{"id":13761,"href":"https:\/\/dekkbi.com\/index.php?rest_route=\/wp\/v2\/posts\/13760\/revisions\/13761"}],"wp:featuredmedia":[{"embeddable":true,"href":"https:\/\/dekkbi.com\/index.php?rest_route=\/wp\/v2\/media\/13810"}],"wp:attachment":[{"href":"https:\/\/dekkbi.com\/index.php?rest_route=%2Fwp%2Fv2%2Fmedia&parent=13760"}],"wp:term":[{"taxonomy":"category","embeddable":true,"href":"https:\/\/dekkbi.com\/index.php?rest_route=%2Fwp%2Fv2%2Fcategories&post=13760"},{"taxonomy":"post_tag","embeddable":true,"href":"https:\/\/dekkbi.com\/index.php?rest_route=%2Fwp%2Fv2%2Ftags&post=13760"}],"curies":[{"name":"wp","href":"https:\/\/api.w.org\/{rel}","templated":true}]}}