{"id":13749,"date":"2023-06-09T09:45:57","date_gmt":"2023-06-09T09:45:57","guid":{"rendered":"https:\/\/dekkbi.com\/?p=13749"},"modified":"2023-06-09T09:45:58","modified_gmt":"2023-06-09T09:45:58","slug":"interdiction-de-sa-marche-ce-vendredi-9-juin-le-f24-se-plie-a-la-decision-du-prefet-de-dakar","status":"publish","type":"post","link":"https:\/\/dekkbi.com\/?p=13749","title":{"rendered":"Interdiction de sa marche ce vendredi 9 juin- Le F24 se plie \u00e0 la d\u00e9cision du Pr\u00e9fet de Dakar&#8230;"},"content":{"rendered":"\n<p>iGFM &#8211; (Dakar) Suite \u00e0 l\u2019interdiction de leurs deux manifestations \u00ab pacifiques \u00bb, pr\u00e9vues le vendredi 9 juin et le samedi 10 juin 2023, \u00e0 la Place de la nation (ex-ob\u00e9lisque), par le pr\u00e9fet de Dakar, les Forces vives (F24) se plient \u00e0 cette d\u00e9cision.<\/p>\n\n\n\n<p>\u00ab La plate-forme F24 vient de recevoir la notification d&rsquo;interdiction de la mobilisation pacifique pr\u00e9vue le vendredi 9 juin 2023 \u00e0 la place de la nation. La F24 prend acte de la d\u00e9cision \u00bb, souligne un communiqu\u00e9 du comit\u00e9 ex\u00e9cutif.<\/p>\n\n\n\n<p><\/p>\n\n\n\n<p>Toutefois, les membres de ladite plateforme ont d\u00e9cid\u00e9 de changer de plan pour maintenir leur marche dans la capitale s\u00e9n\u00e9galaise. En effet, ils ont d\u00e9cid\u00e9 de maintenir la date du samedi 10 juin mais, au lieu de la Place de la nation, \u00e7a sera plut\u00f4t sur la Voie de d\u00e9gagement nord (VDN). \u00ab La F24 donne rendez-vous aux S\u00e9n\u00e9galais \u00e0 la marche pacifique pr\u00e9vue le samedi 10 juin 2023 sur la VDN non interdite.<\/p>\n\n\n\n<p><\/p>\n\n\n\n<p>D\u00e9part 15h sous l&rsquo;auto-pont de Saint Lazare, arriv\u00e9e \u00e9cole normale sup\u00e9rieure \u00bb, lit-on dans les colonnes du texte, qui signale que \u00ab tous les S\u00e9n\u00e9galais sont convi\u00e9s, drapeau du S\u00e9n\u00e9gal en main, pour la restauration de l&rsquo;Etat de droit et dire non \u00e0 la troisi\u00e8me candidature ill\u00e9gale et injuste \u00bb.<\/p>\n","protected":false},"excerpt":{"rendered":"<p>iGFM &#8211; (Dakar) Suite \u00e0 l\u2019interdiction de leurs deux manifestations \u00ab pacifiques \u00bb, pr\u00e9vues le vendredi 9 juin et le<\/p>\n","protected":false},"author":1,"featured_media":13488,"comment_status":"open","ping_status":"open","sticky":false,"template":"","format":"standard","meta":{"footnotes":""},"categories":[6],"tags":[],"class_list":["post-13749","post","type-post","status-publish","format-standard","has-post-thumbnail","hentry","category-politics"],"_links":{"self":[{"href":"https:\/\/dekkbi.com\/index.php?rest_route=\/wp\/v2\/posts\/13749","targetHints":{"allow":["GET"]}}],"collection":[{"href":"https:\/\/dekkbi.com\/index.php?rest_route=\/wp\/v2\/posts"}],"about":[{"href":"https:\/\/dekkbi.com\/index.php?rest_route=\/wp\/v2\/types\/post"}],"author":[{"embeddable":true,"href":"https:\/\/dekkbi.com\/index.php?rest_route=\/wp\/v2\/users\/1"}],"replies":[{"embeddable":true,"href":"https:\/\/dekkbi.com\/index.php?rest_route=%2Fwp%2Fv2%2Fcomments&post=13749"}],"version-history":[{"count":1,"href":"https:\/\/dekkbi.com\/index.php?rest_route=\/wp\/v2\/posts\/13749\/revisions"}],"predecessor-version":[{"id":13750,"href":"https:\/\/dekkbi.com\/index.php?rest_route=\/wp\/v2\/posts\/13749\/revisions\/13750"}],"wp:featuredmedia":[{"embeddable":true,"href":"https:\/\/dekkbi.com\/index.php?rest_route=\/wp\/v2\/media\/13488"}],"wp:attachment":[{"href":"https:\/\/dekkbi.com\/index.php?rest_route=%2Fwp%2Fv2%2Fmedia&parent=13749"}],"wp:term":[{"taxonomy":"category","embeddable":true,"href":"https:\/\/dekkbi.com\/index.php?rest_route=%2Fwp%2Fv2%2Fcategories&post=13749"},{"taxonomy":"post_tag","embeddable":true,"href":"https:\/\/dekkbi.com\/index.php?rest_route=%2Fwp%2Fv2%2Ftags&post=13749"}],"curies":[{"name":"wp","href":"https:\/\/api.w.org\/{rel}","templated":true}]}}