{"id":13707,"date":"2023-06-08T11:39:06","date_gmt":"2023-06-08T11:39:06","guid":{"rendered":"https:\/\/dekkbi.com\/?p=13707"},"modified":"2023-06-08T11:39:07","modified_gmt":"2023-06-08T11:39:07","slug":"emploi-macky-sall-propose-de-recourir-a-la-convention-etat-employeurs","status":"publish","type":"post","link":"https:\/\/dekkbi.com\/?p=13707","title":{"rendered":"Emploi : Macky Sall propose de recourir \u00e0 la convention Etat-employeurs"},"content":{"rendered":"\n<p>Macky Sall a demand\u00e9 mercredi au gouvernement d\u2019utiliser les \u2018\u2019m\u00e9canismes\u2019\u2019 de la convention liant l\u2019Etat et les employeurs pour accro\u00eetre les possibilit\u00e9s de recrutement des jeunes dipl\u00f4m\u00e9s arrivant chaque ann\u00e9e sur le march\u00e9 du travail.<\/p>\n\n\n\n<p>\u2018\u2019Le pr\u00e9sident de la R\u00e9publique a demand\u00e9 aux ministres en charge de l\u2019Emploi et du Travail d\u2019engager [\u2026] l\u2019optimisation des m\u00e9canismes de la convention nationale Etat-employeurs en vue de l\u2019\u00e9largissement des possibilit\u00e9s de recrutements des jeunes dipl\u00f4m\u00e9s qui arrivent massivement, chaque ann\u00e9e, sur le march\u00e9 du travail\u2019\u2019, lit-on dans le communiqu\u00e9 du Conseil des ministres.<br>Il les appelle aussi \u00e0 associer \u00e0 cette t\u00e2che les partenaires sociaux.<br>Le pr\u00e9sident de la R\u00e9publique a demand\u00e9 en m\u00eame temps aux membres du gouvernement de veiller \u00e0 \u2018\u2019l\u2019am\u00e9lioration de l\u2019approvisionnement en eau des populations\u2019\u2019.<br>Pour ce faire, le ministre de l\u2019Eau et de l\u2019Assainissement est invit\u00e9 par le chef de l\u2019Etat \u00e0 \u2018\u2019prendre toutes les mesures ad\u00e9quates en relation avec la SONES, SEN\u2019EAU, l\u2019OFOR et les d\u00e9l\u00e9gataires de service public en milieu rural\u2019\u2019.<br>Macky Sall leur demande de s\u2019assurer de \u2018\u2019l\u2019am\u00e9lioration continue du fonctionnement et de la gestion des syst\u00e8mes hydrauliques, sur l\u2019\u00e9tendue du territoire national\u2019\u2019.<br>Il souhaite \u2018\u2019le fonctionnement normal des collectivit\u00e9s territoriales\u2019\u2019.<br>Le pr\u00e9sident de la R\u00e9publique a demand\u00e9 au ministre des Finances et du Budget, ainsi qu\u2019\u00e0 son coll\u00e8gue charg\u00e9 des Collectivit\u00e9s territoriales, de \u2018\u2019prendre toutes les mesures\u2019\u2019 n\u00e9cessaires, \u2018\u2019en relation avec les ex\u00e9cutifs territoriaux, afin d\u2019asseoir un dialogue social permanent visant l\u2019am\u00e9lioration des conditions d\u2019exercice des agents de la fonction publique territoriale\u2019\u2019.<br>Macky Sall leur recommande \u00e9galement d\u2019assurer \u2018\u2019le fonctionnement ad\u00e9quat des services administratifs des collectivit\u00e9s territoriales\u2019\u2019.<\/p>\n\n\n\n<p>SOURCE &#8211; seneweb<\/p>\n","protected":false},"excerpt":{"rendered":"<p>Macky Sall a demand\u00e9 mercredi au gouvernement d\u2019utiliser les \u2018\u2019m\u00e9canismes\u2019\u2019 de la convention liant l\u2019Etat et les employeurs pour accro\u00eetre<\/p>\n","protected":false},"author":1,"featured_media":13181,"comment_status":"open","ping_status":"open","sticky":false,"template":"","format":"standard","meta":{"footnotes":""},"categories":[6],"tags":[],"class_list":["post-13707","post","type-post","status-publish","format-standard","has-post-thumbnail","hentry","category-politics"],"_links":{"self":[{"href":"https:\/\/dekkbi.com\/index.php?rest_route=\/wp\/v2\/posts\/13707","targetHints":{"allow":["GET"]}}],"collection":[{"href":"https:\/\/dekkbi.com\/index.php?rest_route=\/wp\/v2\/posts"}],"about":[{"href":"https:\/\/dekkbi.com\/index.php?rest_route=\/wp\/v2\/types\/post"}],"author":[{"embeddable":true,"href":"https:\/\/dekkbi.com\/index.php?rest_route=\/wp\/v2\/users\/1"}],"replies":[{"embeddable":true,"href":"https:\/\/dekkbi.com\/index.php?rest_route=%2Fwp%2Fv2%2Fcomments&post=13707"}],"version-history":[{"count":1,"href":"https:\/\/dekkbi.com\/index.php?rest_route=\/wp\/v2\/posts\/13707\/revisions"}],"predecessor-version":[{"id":13708,"href":"https:\/\/dekkbi.com\/index.php?rest_route=\/wp\/v2\/posts\/13707\/revisions\/13708"}],"wp:featuredmedia":[{"embeddable":true,"href":"https:\/\/dekkbi.com\/index.php?rest_route=\/wp\/v2\/media\/13181"}],"wp:attachment":[{"href":"https:\/\/dekkbi.com\/index.php?rest_route=%2Fwp%2Fv2%2Fmedia&parent=13707"}],"wp:term":[{"taxonomy":"category","embeddable":true,"href":"https:\/\/dekkbi.com\/index.php?rest_route=%2Fwp%2Fv2%2Fcategories&post=13707"},{"taxonomy":"post_tag","embeddable":true,"href":"https:\/\/dekkbi.com\/index.php?rest_route=%2Fwp%2Fv2%2Ftags&post=13707"}],"curies":[{"name":"wp","href":"https:\/\/api.w.org\/{rel}","templated":true}]}}