{"id":13692,"date":"2023-06-08T11:01:55","date_gmt":"2023-06-08T11:01:55","guid":{"rendered":"https:\/\/dekkbi.com\/?p=13692"},"modified":"2023-06-08T11:01:56","modified_gmt":"2023-06-08T11:01:56","slug":"campagne-agricole-2023-2024-macky-sall-pour-une-mise-en-place-effective-et-efficace-des-intrants","status":"publish","type":"post","link":"https:\/\/dekkbi.com\/?p=13692","title":{"rendered":"Campagne agricole 2023-2024 : Macky Sall pour une mise en place effective et efficace des intrants"},"content":{"rendered":"\n<p>En Conseil des ministres ce 7 juin 2023, le pr\u00e9sident de la R\u00e9publique a donn\u00e9 des recommandations concernant la campagne agricole.<\/p>\n\n\n\n<p>elon le communiqu\u00e9 du Conseil des ministres, abordant sur le suivi de la campagne agricole 2023-2024, le Pr\u00e9sident de la R\u00e9publique a demand\u00e9 au Ministre de l\u2019Agriculture, de l\u2019Equipement rural et de la Souverainet\u00e9 alimentaire d\u2019intensifier, en relation avec les acteurs de la campagne, les services techniques de l\u2019Etat impliqu\u00e9s et les autorit\u00e9s administratives d\u00e9concentr\u00e9es, toutes les actions requises pour assurer la mise en place effective et efficace des intrants et du mat\u00e9riel agricole sur l\u2019\u00e9tendue du territoire national, au regard des quantit\u00e9s de pluies d\u00e9j\u00e0 recueillies dans plusieurs localit\u00e9s du pays.<\/p>\n\n\n\n<p>Au demeurant, ajoute la m\u00eame source, le Chef de l\u2019Etat a invit\u00e9 les Ministres en charge de l\u2019Agriculture et des Finances \u00e0 prendre les dispositions appropri\u00e9es pour le r\u00e8glement de la dette portant sur l\u2019approvisionnement en semences certifi\u00e9es les ann\u00e9es pr\u00e9c\u00e9dentes, avec notamment les coop\u00e9ratives des producteurs de semences. Enfin le Pr\u00e9sident de la R\u00e9publique a demand\u00e9 au Ministre en charge de l\u2019Agriculture et aux Gouverneurs de r\u00e9gion de veiller au suivi territorial hebdomadaire de la campagne agricole.<br><strong>Source &#8211; Adou FAYE &#8211; lejecos<\/strong><\/p>\n","protected":false},"excerpt":{"rendered":"<p>En Conseil des ministres ce 7 juin 2023, le pr\u00e9sident de la R\u00e9publique a donn\u00e9 des recommandations concernant la campagne<\/p>\n","protected":false},"author":1,"featured_media":13693,"comment_status":"open","ping_status":"open","sticky":false,"template":"","format":"standard","meta":{"footnotes":""},"categories":[3],"tags":[],"class_list":["post-13692","post","type-post","status-publish","format-standard","has-post-thumbnail","hentry","category-event-more-news"],"_links":{"self":[{"href":"https:\/\/dekkbi.com\/index.php?rest_route=\/wp\/v2\/posts\/13692","targetHints":{"allow":["GET"]}}],"collection":[{"href":"https:\/\/dekkbi.com\/index.php?rest_route=\/wp\/v2\/posts"}],"about":[{"href":"https:\/\/dekkbi.com\/index.php?rest_route=\/wp\/v2\/types\/post"}],"author":[{"embeddable":true,"href":"https:\/\/dekkbi.com\/index.php?rest_route=\/wp\/v2\/users\/1"}],"replies":[{"embeddable":true,"href":"https:\/\/dekkbi.com\/index.php?rest_route=%2Fwp%2Fv2%2Fcomments&post=13692"}],"version-history":[{"count":1,"href":"https:\/\/dekkbi.com\/index.php?rest_route=\/wp\/v2\/posts\/13692\/revisions"}],"predecessor-version":[{"id":13694,"href":"https:\/\/dekkbi.com\/index.php?rest_route=\/wp\/v2\/posts\/13692\/revisions\/13694"}],"wp:featuredmedia":[{"embeddable":true,"href":"https:\/\/dekkbi.com\/index.php?rest_route=\/wp\/v2\/media\/13693"}],"wp:attachment":[{"href":"https:\/\/dekkbi.com\/index.php?rest_route=%2Fwp%2Fv2%2Fmedia&parent=13692"}],"wp:term":[{"taxonomy":"category","embeddable":true,"href":"https:\/\/dekkbi.com\/index.php?rest_route=%2Fwp%2Fv2%2Fcategories&post=13692"},{"taxonomy":"post_tag","embeddable":true,"href":"https:\/\/dekkbi.com\/index.php?rest_route=%2Fwp%2Fv2%2Ftags&post=13692"}],"curies":[{"name":"wp","href":"https:\/\/api.w.org\/{rel}","templated":true}]}}