{"id":13656,"date":"2023-06-08T09:44:03","date_gmt":"2023-06-08T09:44:03","guid":{"rendered":"https:\/\/dekkbi.com\/?p=13656"},"modified":"2023-06-08T09:44:04","modified_gmt":"2023-06-08T09:44:04","slug":"senegal-le-temps-de-la-tyrannie-par-demba-moussa-dembele","status":"publish","type":"post","link":"https:\/\/dekkbi.com\/?p=13656","title":{"rendered":"S\u00e9n\u00e9gal: le temps de la tyrannie ! (Par Demba Moussa Demb\u00e9l\u00e9)"},"content":{"rendered":"\n<p>Le r\u00e9gime \u00e0 l\u2019agonie et ses mercenaires ont d\u00e9clench\u00e9 une campagne de terreur visant tous ceux qui s\u2019opposent \u00e0 la troisi\u00e8me candidature ill\u00e9gale et ill\u00e9gitime de Macky Sall et les membres du parti Pastef-les Patriotes dirig\u00e9 par Ousmane Sonko. Cette campagne de terreur a entra\u00een\u00e9 un recul d\u00e9mocratique sans pr\u00e9c\u00e9dent et de graves violations des droits humains au S\u00e9n\u00e9gal<\/p>\n\n\n\n<p><strong>L\u2019effondrement de l\u2019Etat de droit<\/strong><br><br>En f\u00e9vrier 2021, plus d\u2019une centaine d\u2019universitaires s\u00e9n\u00e9galais avaient publi\u00e9 un document sur la crise de l\u2019Etat de droit dans notre pays. C\u2019est un fait que sous le r\u00e9gime actuel, la s\u00e9paration des pouvoirs, qui est le fondement de l\u2019Etat de droit, n\u2019existe plus. L\u2019ex\u00e9cutif, en l\u2019occurrence le pr\u00e9sident de la R\u00e9publique, a domestiqu\u00e9 les autres pouvoirs l\u00e9gislatif et judiciaire. L\u2019Assembl\u00e9e nationale n\u2019est qu\u2019une simple chambre d\u2019enregistrement des projets soumis par le Pr\u00e9sident et son gouvernement.<br><br>Quand il ne peut plus la contr\u00f4ler, comme c\u2019est le cas pr\u00e9sentement avec la pouss\u00e9e de l\u2019opposition apr\u00e8s les l\u00e9gislatives de juillet 2022, il essaie de la paralyser. Un fait d\u00e9nonc\u00e9 par les d\u00e9put\u00e9s de l\u2019opposition.<br><br>L\u2019un des piliers de l\u2019Etat de droit est la Justice. Les universitaires cit\u00e9s plus haut, soulignent que\u00a0<strong>\u00ab l\u2019Etat de droit exige la soumission totale de l\u2019Etat au droit \u00bb<\/strong>. Ce qui veut dire que la Justice ne doit pas accepter d\u2019\u00eatre au service de l\u2019Ex\u00e9cutif. Elle doit \u00eatre ind\u00e9pendante et traiter tous les citoyens sur le m\u00eame pied d\u2019\u00e9galit\u00e9. Ce faisant, elle consolide l\u2019id\u00e9al d\u00e9mocratique et renforce la confiance des citoyens. Mais quand la Justice donne l\u2019impression d\u2019\u00eatre au service de l\u2019Ex\u00e9cutif, elle tend \u00e0 perdre sa cr\u00e9dibilit\u00e9 et suscite la d\u00e9fiance des citoyens.<br><br>Sous le r\u00e9gime de Macky Sall, il y a eu des cas o\u00f9 la Justice a \u00e9t\u00e9 instrumentalis\u00e9e pour \u00e9carter des adversaires politiques. Khalifa Sall et Karim Wade en ont \u00e9t\u00e9 les premi\u00e8res victimes. Ousmane Sonko risque de les rejoindre. Ses avocats et une grande partie de l\u2019opinion disent que le verdict rendu le premier juin confirme la th\u00e8se du complot visant \u00e0 l\u2019\u00e9carter de la course \u00e0 la pr\u00e9sidentielle. Par ailleurs, le traitement in\u00e9gal entre les citoyens proches de l\u2019opposition et ceux du pouvoir renforce les soup\u00e7ons de partialit\u00e9 de la Justice au sein de l\u2019opinion. Les arrestations tous azimuts de militants ou sympathisants du parti de Ousmane Sonko semblent le confirmer.<br><br><strong>Le S\u00e9n\u00e9gal ; une prison \u00e0 ciel ouvert<\/strong><br><br>Jamais les prisons s\u00e9n\u00e9galaises n\u2019ont \u00e9t\u00e9 aussi pleines de prisonniers politiques. Pour un oui ou un non, les gens sont cueillis par la Police ou la Gendarmerie, parfois avec des m\u00e9thodes indignes d\u2019un pays qui se dit d\u00e9mocratique, et envoy\u00e9s en prison pour plusieurs mois. Les journalistes ne sont pas \u00e9pargn\u00e9s. Papa Al\u00e9 Niang \u00e9tait la premi\u00e8re victime de cette r\u00e9pressive aveugle, S\u00e9rigne Saliou Gu\u00e8ye, Pape Ndiaye et bien d\u2019autres viennent allonger la liste. Les femmes journalistes ou non ne sont pas \u00e9pargn\u00e9es non plus. M\u00eame des femmes enceintes ont \u00e9t\u00e9 envoy\u00e9es en prison.<br><br>Les arrestations de journalistes traduisent un net recul de la libert\u00e9 d\u2019expression et celle de la presse. Cela a \u00e9t\u00e9 confirm\u00e9 par le mauvais classement du S\u00e9n\u00e9gal r\u00e9cent de Reporters sans fronti\u00e8res (RSF).<br><br>Aujourd\u2019hui, tous ceux qui s\u2019opposent \u00e0 la troisi\u00e8me candidature de Macky Sall ou soutiennent l\u2019opposition sont en danger. C\u2019est pourquoi le S\u00e9n\u00e9gal est devenu une vaste prison \u00e0 ciel ouvert. Il est l\u2019un des pays africains ayant le plus grand nombre de prisonniers politiques. Une v\u00e9ritable honte pour notre pays !<br><br><strong>Confronter la tyrannie<br><br><\/strong>Les acquis d\u00e9mocratiques conquis de haute lutte et au prix d\u2019innombrables sacrifices ont \u00e9t\u00e9 perdus sous le r\u00e9gime actuel. L\u2019obsession avec la troisi\u00e8me candidature ill\u00e9gale et immorale a entrain\u00e9 la violation flagrante des principes les plus \u00e9l\u00e9mentaires de l\u2019Etat de droit. La politique de terreur est en train de restreindre l\u2019espace d\u00e9mocratique comme une peau de chagrin.<br><br>Mais aucun peuple ne peut accepter de courber l\u2019\u00e9chine face \u00e0 la dictature.<br>Face \u00e0 la tyrannie, le peuple n\u2019a d\u2019autre choix que de r\u00e9sister<br>R\u00e9sister pour d\u00e9fendre les acquis d\u00e9mocratiques en danger<br>R\u00e9sister pour le respect des libert\u00e9s individuelles et collectives<br>R\u00e9sister pour la restauration de l\u2019Etat de droit<br>Face \u00e0 l\u2019injustice, c\u2019est le droit inali\u00e9nable de tout peuple de d\u00e9fendre ses droits<\/p>\n\n\n\n<p>Source &#8211; igfm<\/p>\n","protected":false},"excerpt":{"rendered":"<p>Le r\u00e9gime \u00e0 l\u2019agonie et ses mercenaires ont d\u00e9clench\u00e9 une campagne de terreur visant tous ceux qui s\u2019opposent \u00e0 la<\/p>\n","protected":false},"author":1,"featured_media":13657,"comment_status":"open","ping_status":"open","sticky":false,"template":"","format":"standard","meta":{"footnotes":""},"categories":[6],"tags":[],"class_list":["post-13656","post","type-post","status-publish","format-standard","has-post-thumbnail","hentry","category-politics"],"_links":{"self":[{"href":"https:\/\/dekkbi.com\/index.php?rest_route=\/wp\/v2\/posts\/13656","targetHints":{"allow":["GET"]}}],"collection":[{"href":"https:\/\/dekkbi.com\/index.php?rest_route=\/wp\/v2\/posts"}],"about":[{"href":"https:\/\/dekkbi.com\/index.php?rest_route=\/wp\/v2\/types\/post"}],"author":[{"embeddable":true,"href":"https:\/\/dekkbi.com\/index.php?rest_route=\/wp\/v2\/users\/1"}],"replies":[{"embeddable":true,"href":"https:\/\/dekkbi.com\/index.php?rest_route=%2Fwp%2Fv2%2Fcomments&post=13656"}],"version-history":[{"count":1,"href":"https:\/\/dekkbi.com\/index.php?rest_route=\/wp\/v2\/posts\/13656\/revisions"}],"predecessor-version":[{"id":13658,"href":"https:\/\/dekkbi.com\/index.php?rest_route=\/wp\/v2\/posts\/13656\/revisions\/13658"}],"wp:featuredmedia":[{"embeddable":true,"href":"https:\/\/dekkbi.com\/index.php?rest_route=\/wp\/v2\/media\/13657"}],"wp:attachment":[{"href":"https:\/\/dekkbi.com\/index.php?rest_route=%2Fwp%2Fv2%2Fmedia&parent=13656"}],"wp:term":[{"taxonomy":"category","embeddable":true,"href":"https:\/\/dekkbi.com\/index.php?rest_route=%2Fwp%2Fv2%2Fcategories&post=13656"},{"taxonomy":"post_tag","embeddable":true,"href":"https:\/\/dekkbi.com\/index.php?rest_route=%2Fwp%2Fv2%2Ftags&post=13656"}],"curies":[{"name":"wp","href":"https:\/\/api.w.org\/{rel}","templated":true}]}}