{"id":13629,"date":"2023-06-07T12:51:43","date_gmt":"2023-06-07T12:51:43","guid":{"rendered":"https:\/\/dekkbi.com\/?p=13629"},"modified":"2023-06-07T12:51:44","modified_gmt":"2023-06-07T12:51:44","slug":"aminata-toure-soppose-categoriquement-a-un-un-report-de-lelection-presidentielle","status":"publish","type":"post","link":"https:\/\/dekkbi.com\/?p=13629","title":{"rendered":"Aminata Tour\u00e9 s\u2019oppose cat\u00e9goriquement \u00e0 un un report de l\u2019\u00e9lection pr\u00e9sidentielle"},"content":{"rendered":"\n<p>Alors que le S\u00e9n\u00e9gal bruit de rumeurs sur un possible report de l\u2019\u00e9lection pr\u00e9sidentielle de 2024 jusqu\u2019en 2026, Aminata Tour\u00e9 affiche son opposition cat\u00e9gorique \u00e0 cette \u00e9ventualit\u00e9. \u201cL\u2019\u00e9lection pr\u00e9sidentielle devra imp\u00e9rativement se tenir \u00e0 date \u00e9chue, en f\u00e9vrier 2024 avec la participation de TOUS les candidats. Seul le Pr\u00e9sident Macky Sall n\u2019y participera pas selon les dispositions tr\u00e8s claires de la Constitution. Aucun report de l\u2019\u00e9lection pr\u00e9sidentielle ne peut \u00eatre envisag\u00e9!\u201d, a-t-elle indiqu\u00e9 ce jeudi sur page Facebook.&nbsp;<\/p>\n\n\n\n<p>L\u2019ancienne cheffe du gouvernement exige, par ailleurs, plus de diligence dans les proc\u00e9dures judiciaires intent\u00e9es contre l\u2019\u00c9tat du S\u00e9n\u00e9gal, apr\u00e8s les morts enregistr\u00e9es la semaine derni\u00e8re : \u201cLes plaintes nationales et internationales doivent rapidement\u00a0 permettre de situer les responsabilit\u00e9s sur les tueries de 16 de nos enfants et les commanditaires et auteurs doivent rapidement r\u00e9pondre de leurs actes de barbarie\u201d.<\/p>\n\n\n\n<p>Source &#8211; seneweb<\/p>\n","protected":false},"excerpt":{"rendered":"<p>Alors que le S\u00e9n\u00e9gal bruit de rumeurs sur un possible report de l\u2019\u00e9lection pr\u00e9sidentielle de 2024 jusqu\u2019en 2026, Aminata Tour\u00e9<\/p>\n","protected":false},"author":1,"featured_media":11393,"comment_status":"open","ping_status":"open","sticky":false,"template":"","format":"standard","meta":{"footnotes":""},"categories":[6],"tags":[],"class_list":["post-13629","post","type-post","status-publish","format-standard","has-post-thumbnail","hentry","category-politics"],"_links":{"self":[{"href":"https:\/\/dekkbi.com\/index.php?rest_route=\/wp\/v2\/posts\/13629","targetHints":{"allow":["GET"]}}],"collection":[{"href":"https:\/\/dekkbi.com\/index.php?rest_route=\/wp\/v2\/posts"}],"about":[{"href":"https:\/\/dekkbi.com\/index.php?rest_route=\/wp\/v2\/types\/post"}],"author":[{"embeddable":true,"href":"https:\/\/dekkbi.com\/index.php?rest_route=\/wp\/v2\/users\/1"}],"replies":[{"embeddable":true,"href":"https:\/\/dekkbi.com\/index.php?rest_route=%2Fwp%2Fv2%2Fcomments&post=13629"}],"version-history":[{"count":1,"href":"https:\/\/dekkbi.com\/index.php?rest_route=\/wp\/v2\/posts\/13629\/revisions"}],"predecessor-version":[{"id":13630,"href":"https:\/\/dekkbi.com\/index.php?rest_route=\/wp\/v2\/posts\/13629\/revisions\/13630"}],"wp:featuredmedia":[{"embeddable":true,"href":"https:\/\/dekkbi.com\/index.php?rest_route=\/wp\/v2\/media\/11393"}],"wp:attachment":[{"href":"https:\/\/dekkbi.com\/index.php?rest_route=%2Fwp%2Fv2%2Fmedia&parent=13629"}],"wp:term":[{"taxonomy":"category","embeddable":true,"href":"https:\/\/dekkbi.com\/index.php?rest_route=%2Fwp%2Fv2%2Fcategories&post=13629"},{"taxonomy":"post_tag","embeddable":true,"href":"https:\/\/dekkbi.com\/index.php?rest_route=%2Fwp%2Fv2%2Ftags&post=13629"}],"curies":[{"name":"wp","href":"https:\/\/api.w.org\/{rel}","templated":true}]}}