{"id":13605,"date":"2023-06-07T10:38:47","date_gmt":"2023-06-07T10:38:47","guid":{"rendered":"https:\/\/dekkbi.com\/?p=13605"},"modified":"2023-06-07T10:38:48","modified_gmt":"2023-06-07T10:38:48","slug":"le-senegal-vaincra-a-nouveau","status":"publish","type":"post","link":"https:\/\/dekkbi.com\/?p=13605","title":{"rendered":"LE S\u00c9N\u00c9GAL VAINCRA \u00c0 NOUVEAU"},"content":{"rendered":"\n<p>Par je ne sais quelle logique, l\u2019Etat du S\u00e9n\u00e9gal a laiss\u00e9 un citoyen -affabulateur, m\u00e9diocre, manipulateur, violent, s\u00e9ditieux- s\u2019\u00e9riger au-dessus du droit pour faire ce qu\u2019il veut <\/p>\n\n\n\n<p>Les violences, qui ont explos\u00e9 \u00e0 l\u2019issue du verdict de l\u2019affaire opposant M. Ousmane Sonko \u00e0 Mme Adji Sarr, sont intol\u00e9rables en d\u00e9mocratie. Depuis deux ans, les morts s\u2019empilent, des biens publics et priv\u00e9s sont d\u00e9truits, l\u2019autorit\u00e9 de l\u2019Etat est sans cesse remise en cause et une culture de la jacquerie tend \u00e0 s\u2019installer. Aucune violence verbale voire physique ne saurait \u00eatre accept\u00e9e dans un Etat de Droit, et les citoyens ne peuvent \u00eatre pris en otage pardes feux dont ils ne sont nullement \u00e0 l\u2019initiative. Je ne commente pas les d\u00e9cisions de Justice sur la place publique, par principe et eu \u00e9gard \u00e0 ma conception de la R\u00e9publique. Mais pour la lecture politique des \u00e9v\u00e9nements, h\u00e9las, rien de ce qui se passe au S\u00e9n\u00e9gal ne me surprend. Les autorit\u00e9s ont laiss\u00e9 s\u2019installer une culture de l\u2019outrance et de la d\u00e9fiance vis-\u00e0-vis des institutions r\u00e9publicaines, qui atteint ici son paroxysme avec des citoyens qui prennent des armes contre leur propre pays.<\/p>\n\n\n\n<p>Par je ne sais quelle logique, l\u2019Etat du S\u00e9n\u00e9gal a laiss\u00e9 un citoyen -affabulateur, m\u00e9diocre, manipulateur, violent, s\u00e9ditieux- s\u2019\u00e9riger au-dessus du Droit pour faire ce qu\u2019il veut, au m\u00e9pris des r\u00e8gles collectivement accept\u00e9es et dont l\u2019Etat est cens\u00e9 \u00eatre le garant. En R\u00e9publique, on ne laisse pas un citoyen insulter et menacer magistrats, hauts grad\u00e9s, hommes de rang, appeler \u00e0 l\u2019insurrection et au coup d\u2019Etat, appeler au meurtre du chef de l\u2019Etat, diffuser des mensonges et discr\u00e9diter les institutions sans rien faire. Quelle est la logique d\u2019interpeller un citoyen qui viole la loi sur la voie publique et le convoyer chez lui, au lieu de l\u2019acheminer au Commissariat le plus proche ? En refusant de faire face \u00e0 l\u2019in\u00e9luctable, l\u2019Etat du S\u00e9n\u00e9gal a banalis\u00e9 l\u2019inacceptable et ins\u00e9r\u00e9 \u00e0 dose hom\u00e9opathique \u00e0 une cat\u00e9gorie de citoyens, qu\u2019elle pouvait se hisser au-dessus de la r\u00e8gle de Droit et aux jeunes que les institutions n\u2019\u00e9taient pas \u00e0 sacraliser.<\/p>\n\n\n\n<p>Je le rappelle pour ceux que cela pique : M. Sonko est un fasciste. Comme tous ceux de son ob\u00e9dience politique, il ne peut respecter les institutions car il n\u2019est ni d\u00e9mocrate ni r\u00e9publicain. Il vit sur la rente de l\u2019affrontement permanent pour esp\u00e9rer conqu\u00e9rir le pouvoir par la force ou en tout cas provoquer une rupture du fonctionnement normal des institutions. D\u00e8s lors, quand on gouverne un pays, de surcro\u00eet un grand pays comme le S\u00e9n\u00e9gal, on ne saurait laisser le d\u00e9sordre s\u2019installer et proc\u00e9der ainsi \u00e0 la d\u00e9vitalisation des institutions, car elles sont le garant de notre commun vouloir de vie commune. Sur ce sujet pr\u00e9cis, il&nbsp;convient de rappeler qu\u2019on ne combat le fascisme que par le Droit et les principes r\u00e9publicains, et non par la violence sur des civils d\u00e9sarm\u00e9s, qu\u2019aucune cause ne saurait justifier. Notre arsenal juridique est dot\u00e9 de dispositions pour sanctionner d\u00e9finitivement toute d\u00e9viance antir\u00e9publicaine.<\/p>\n\n\n\n<p>Aussi, il est inacceptable de faire recours \u00e0 des civils comme suppl\u00e9tifs des Forces de d\u00e9fense et de s\u00e9curit\u00e9. Une d\u00e9mocratie s\u2019honore de toujours demeurer dans le corset du Droit. M. Sonko est un d\u00e9linquant condamn\u00e9 deux&nbsp;fois en moins d\u2019un mois par un magistrat du si\u00e8ge. Ses opinions sont antir\u00e9publicaines, et son parti vient le 2 juin dernier d\u2019appeler officiellement \u00e0 l\u2019insurrection et au putsch militaire. Ces gens sont des ennemis de la R\u00e9publique&nbsp;qu\u2019il faut combattre, de mani\u00e8re ferme, quel qu\u2019en soit le prix, sinon, \u00e0 terme, c\u2019est la R\u00e9publique qui va s\u2019affaisser, nous plongeant tous dans un cycle dangereux et pour une dur\u00e9e ind\u00e9termin\u00e9e.<\/p>\n\n\n\n<p>Le parti Pastef et ses satellites appellent les S\u00e9n\u00e9galais \u00e0 descendre dans la rue pour en finir avec le r\u00e9gime et nul responsable identifiable n\u2019est aper\u00e7u dans les manifestations ? O\u00f9 sont les repr\u00e9sentants de la soci\u00e9t\u00e9 civile qui soufflent sur les braises ? En d\u00e9mocratie, on ne permet pas \u00e0 des individus encagoul\u00e9s de marcher dans les rues, et ce quelle que soit la cause qu\u2019ils pr\u00e9tendent d\u00e9fendre. Nous avons l\u2019habitude dans les marches de protestation, de voir des visages connus, mais o\u00f9 sont-ils ? Au contraire, des bandes de pillards, des casseurs, des hommes arm\u00e9s paradent dans les rues, tuent des S\u00e9n\u00e9galais, et aucune voix&nbsp;s\u00e9rieuse parmi les hommes politiques, intellectuels et membres de la Soci\u00e9t\u00e9 civile ne d\u00e9nonce ces crimes.<\/p>\n\n\n\n<p>Ces pillages, ainsi que cette violence d\u2019un autre \u00e2ge exerc\u00e9e sur des civils et des policiers et gendarmes ont un objectif pr\u00e9cis : faire peur et choquer les citoyens pour les inciter soit \u00e0 la r\u00e9volte, soit \u00e0 rester clo\u00eetr\u00e9s chez eux pour paralyser le pays.<\/p>\n\n\n\n<p>Le parti Pastef a impos\u00e9 la tyrannie sur les r\u00e9seaux sociaux, et sur les&nbsp;intellectuels et les journalistes ; des consciences rampent sur le tapis du reniement pour \u00e9chapper \u00e0 la furie des nouveaux censeurs et insulteurs publics. D\u00e9sormais, c\u2019est dans les quartiers qu\u2019on menace et tue pour asseoir d\u00e9finitivement la terreur. O\u00f9 sont les consciences qui se disent d\u00e9mocrates et progressistes quand le sac de l\u2019universit\u00e9 est op\u00e9r\u00e9, quand les facult\u00e9s sont incendi\u00e9es, quand le Cesti qui forme les fabricants de l\u2019information n\u00e9cessaire \u00e0 la vie d\u00e9mocratique est attaqu\u00e9 ? Ils ont br\u00fbl\u00e9 la biblioth\u00e8que de l\u2019Universit\u00e9 de&nbsp;Dakar. Les livres, chemin balisant vers le savoir, sont les ennemis de ces gens qui prosp\u00e8rent sur le lit de l\u2019ignorance et de l\u2019obscurantisme. J\u2019ai pens\u00e9 aux fascistes boliviens quand ils ont chass\u00e9 la Gauche au pouvoir. Leur premier forfait a \u00e9t\u00e9 d\u2019incendier la biblioth\u00e8que de l\u2019intellectuel et homme politique progressiste, Alvaro Garcia Linera, qui \u00e9tait compos\u00e9e de 30 000 livres.<\/p>\n\n\n\n<p>Rien n\u2019est surprenant dans cette terreur, car l\u2019ennemi de ces gens, c\u2019est la lumi\u00e8re qui lib\u00e8re et \u00e9l\u00e8ve l\u2019humain afin de lui rendre sa dignit\u00e9 d\u2019homme qui pense et agit en libert\u00e9 et en responsabilit\u00e9.<\/p>\n\n\n\n<p>Notre pays fait face \u00e0 une tentative insurrectionnelle incontestable organis\u00e9e, et dont les pr\u00e9mices sont visibles depuis quelques ann\u00e9es \u00e0 force de discours guerriers, de manipulation des masses par des m\u00e9dias irresponsables, de recours syst\u00e9matique aux infox et d\u2019une volont\u00e9 d\u2019acquisition du pouvoir par la rue au d\u00e9triment de la voie d\u00e9mocratique. L\u2019Etat a une responsabilit\u00e9 dans le pourrissement de la situation, \u00e0 force de l\u00e9g\u00e8ret\u00e9 et d\u2019absence d\u2019actes forts visant \u00e0 d\u00e9fendre la R\u00e9publique. Mais l\u2019opposition dite r\u00e9publicaine a aussi jou\u00e9 avec le feu par calcul politicien, par haine d\u2019un homme et par avidit\u00e9 du pouvoir. Elle a vendu son \u00e2me pour des si\u00e8ges. J\u2019ai d\u00e9j\u00e0 assez \u00e9crit sur la fumisterie d\u2019une Soci\u00e9t\u00e9 civile qui se fait un devoir de prendre parti et de miser sur un bon cheval sans reculer devant aucune abjection. Je passe outre les intellectuels, t\u00e9tanis\u00e9s \u00e0 l\u2019id\u00e9e de prendre leurs responsabilit\u00e9s et dont l\u2019activit\u00e9 favorite est de verser dans la facilit\u00e9 \u00e0 taper sur le Pr\u00e9sident Sall, sans jamais d\u00e9noncer l\u2019usage du discours violent et antir\u00e9publicain de M. Sonko qui leur inspire une peur sid\u00e9rante et qui promeut tout ce contre quoi ils \u00e9crivent et agissent depuis des ann\u00e9es.<\/p>\n\n\n\n<p>Cette crise est le fruit d\u2019une irresponsabilit\u00e9 de la classe politique, mais elle est aussi la cons\u00e9quence d\u2019un d\u00e9litement de nos institutions depuis 2000. Le temps d\u2019aborder ces questions de fond viendra, mais quand des irr\u00e9dentistes qui, en quarante ans, n\u2019ont jamais pu r\u00e9gner sur un centim\u00e8tre carr\u00e9 de territoire&nbsp;s\u00e9n\u00e9galais, paradent \u00e0 Dakar, il faut faire face et r\u00e9pondre \u00e0 l\u2019urgence du devoir moral. Par sens de l\u2019Etat, par patriotisme et par conscience r\u00e9publicaine, mon soutien \u00e0 nos institutions r\u00e9publicaines en ces temps incertains est sans&nbsp;r\u00e9serve. Il n\u2019y a, de mon point de vue, ni la Gauche, ni la Droite, ni la majorit\u00e9, ni l\u2019opposition, il y a la R\u00e9publique face \u00e0 des individus qui, contre elle, ont pris les armes.<\/p>\n\n\n\n<p><strong>Post-scriptum<\/strong>&nbsp;: M. le pr\u00e9sident de la R\u00e9publique, votre gouvernement a annonc\u00e9&nbsp;une attaque de notre pays par des bandes arm\u00e9es alli\u00e9es \u00e0 des mercenaires \u00e9trangers. Je fais le choix de vous croire, ayant mis ma s\u00e9curit\u00e9 et une partie de ma souverainet\u00e9 entre vos mains en tant que repr\u00e9sentants l\u00e9gitimes et l\u00e9gaux du Peuple s\u00e9n\u00e9galais. Conform\u00e9ment aux lois de notre pays, je soutiendrai toute&nbsp;mesure que vous et votre gouvernement prendrez pour restaurer l\u2019ordre public ainsi que la qui\u00e9tude de nos concitoyens, arr\u00eater les bandes arm\u00e9es et les mettre \u00e0 la disposition de la Justice, m\u00eame si je suis lucide sur le caract\u00e8re si infime d\u2019un soutien de ma part.<\/p>\n\n\n\n<p>Le gouvernement ne devra pas reculer face \u00e0 un ennemi de type militaire dont les revendications ont moins une base politique qu\u2019insurrectionnelle. Tout recul signifiera l\u2019effondrement de la R\u00e9publique que vous avez jur\u00e9 de pr\u00e9server.<\/p>\n\n\n\n<p>Le S\u00e9n\u00e9gal, depuis l\u2019ind\u00e9pendance, n\u2019a jamais \u00e9t\u00e9 vaincu. Le S\u00e9n\u00e9gal vaincra \u00e0 nouveau ses agresseurs d\u2019aujourd\u2019hui.\u00a0M. le pr\u00e9sident de la R\u00e9publique, vous \u00eates assis sur le fauteuil d\u2019un des plus illustres Africains, L\u00e9opold S\u00e9dar Senghor ; vous avez l\u2019honneur de diriger une grande Nation dont le rayonnement traverse les \u00e2ges et les fronti\u00e8res. C\u2019est au nom de cet honneur, le plus grand possible, qui est de conduire aux destin\u00e9es du S\u00e9n\u00e9gal, le pays de Dieu, que je vous prie de pr\u00e9server la R\u00e9publique la\u00efque, d\u00e9mocratique et sociale, la Nation indivisible et l\u2019Etat fort et prestigieux.<\/p>\n\n\n\n<p>Source &#8211; <strong>HAMIDOU ANNE<\/strong> &#8211; lequotidien<\/p>\n\n\n\n<p><\/p>\n","protected":false},"excerpt":{"rendered":"<p>Par je ne sais quelle logique, l\u2019Etat du S\u00e9n\u00e9gal a laiss\u00e9 un citoyen -affabulateur, m\u00e9diocre, manipulateur, violent, s\u00e9ditieux- s\u2019\u00e9riger au-dessus<\/p>\n","protected":false},"author":1,"featured_media":13608,"comment_status":"open","ping_status":"open","sticky":false,"template":"","format":"standard","meta":{"footnotes":""},"categories":[6],"tags":[],"class_list":["post-13605","post","type-post","status-publish","format-standard","has-post-thumbnail","hentry","category-politics"],"_links":{"self":[{"href":"https:\/\/dekkbi.com\/index.php?rest_route=\/wp\/v2\/posts\/13605","targetHints":{"allow":["GET"]}}],"collection":[{"href":"https:\/\/dekkbi.com\/index.php?rest_route=\/wp\/v2\/posts"}],"about":[{"href":"https:\/\/dekkbi.com\/index.php?rest_route=\/wp\/v2\/types\/post"}],"author":[{"embeddable":true,"href":"https:\/\/dekkbi.com\/index.php?rest_route=\/wp\/v2\/users\/1"}],"replies":[{"embeddable":true,"href":"https:\/\/dekkbi.com\/index.php?rest_route=%2Fwp%2Fv2%2Fcomments&post=13605"}],"version-history":[{"count":1,"href":"https:\/\/dekkbi.com\/index.php?rest_route=\/wp\/v2\/posts\/13605\/revisions"}],"predecessor-version":[{"id":13609,"href":"https:\/\/dekkbi.com\/index.php?rest_route=\/wp\/v2\/posts\/13605\/revisions\/13609"}],"wp:featuredmedia":[{"embeddable":true,"href":"https:\/\/dekkbi.com\/index.php?rest_route=\/wp\/v2\/media\/13608"}],"wp:attachment":[{"href":"https:\/\/dekkbi.com\/index.php?rest_route=%2Fwp%2Fv2%2Fmedia&parent=13605"}],"wp:term":[{"taxonomy":"category","embeddable":true,"href":"https:\/\/dekkbi.com\/index.php?rest_route=%2Fwp%2Fv2%2Fcategories&post=13605"},{"taxonomy":"post_tag","embeddable":true,"href":"https:\/\/dekkbi.com\/index.php?rest_route=%2Fwp%2Fv2%2Ftags&post=13605"}],"curies":[{"name":"wp","href":"https:\/\/api.w.org\/{rel}","templated":true}]}}