{"id":13584,"date":"2023-06-07T10:10:26","date_gmt":"2023-06-07T10:10:26","guid":{"rendered":"https:\/\/dekkbi.com\/?p=13584"},"modified":"2023-06-07T10:10:27","modified_gmt":"2023-06-07T10:10:27","slug":"apres-les-violences-et-les-saccage-le-bilan-de-baidy-le-president-du-cnp-nos-entreprises-ont-perdu-des-milliards-en-une-journee","status":"publish","type":"post","link":"https:\/\/dekkbi.com\/?p=13584","title":{"rendered":"Apr\u00e8s les violences et les saccage \u2013 Le bilan de Baidy : Le Pr\u00e9sident du Cnp: \u00abNos entreprises ont perdu des milliards en une journ\u00e9e\u00bb"},"content":{"rendered":"\n<p><strong>L\u2019\u00e9ruption de violence cons\u00e9cutive au verdict contre Ousmane Sonko l\u2019a trouv\u00e9 \u00e0 l\u2019\u00e9tranger, o\u00f9 il \u00e9tait encore hier. Mais le pr\u00e9sident de la principale structure patronale du pays a n\u00e9anmoins tenu, \u00e0 travers un entretien r\u00e9alis\u00e9 au t\u00e9l\u00e9phone, \u00e0 lancer un appel \u00e0 l\u2019apaisement, apr\u00e8s avoir montr\u00e9 les cons\u00e9quences de la fi\u00e8vre qui a saisi le pays et affect\u00e9 son \u00e9conomie.<\/strong><\/p>\n\n\n\n<p><strong>On ne vous a pas entendu vous prononcer \u00e0 la suite des \u00e9v\u00e8nements difficiles que conna\u00eet le pays depuis le 1er juin dernier. Pour\u00adtant, on voit tous que les entreprises en ont grandement souffert, en dehors des vies humaines.<\/strong><\/p>\n\n\n\n<p><br>Je voudrais tout d\u2019abord pr\u00e9senter mes sinc\u00e8res condol\u00e9ances et me joindre aux pri\u00e8res de tous ceux qui ont perdu un parent, un ami ou un proche.<\/p>\n\n\n\n<p><br>Je tiens ensuite \u00e0 souligner que le secteur priv\u00e9 a eu plusieurs fois \u00e0 alerter et faire des appels pour la pr\u00e9servation de la paix sociale dans notre pays. Ces appels \u00e9taient destin\u00e9s aussi bien aux acteurs politiques et de la Soci\u00e9t\u00e9 civile qu\u2019\u00e0 l\u2019Etat. Nous avions invit\u00e9 les uns et les autres \u00e0 se parler, \u00e0 s\u2019\u00e9couter et \u00e0 privil\u00e9gier l\u2019int\u00e9r\u00eat sup\u00e9rieur de la Nation.<\/p>\n\n\n\n<p><br>Je rappelle que le message du secteur priv\u00e9 a toujours \u00e9t\u00e9 apolitique, non partisan et particuli\u00e8rement soucieux des graves cons\u00e9quences \u00e9conomiques issues de l\u2019expression d\u2019une violence socio-politique.<br>Je ne sais pas si les citoyens s\u00e9n\u00e9galais ont mesur\u00e9 la gravit\u00e9 de ce qui s\u2019est pass\u00e9 avec le nombre particuli\u00e8rement \u00e9lev\u00e9 de d\u00e9c\u00e8s et l\u2019ampleur de la destruction des biens priv\u00e9s et publics.<br>Je dois dire qu\u2019au niveau du Cnp, nos entreprises ont perdu en une journ\u00e9e des centaines de milliards F Cfa d\u2019investissements et de chiffres d\u2019affaires.<\/p>\n\n\n\n<p><strong>L\u2019Etat a d\u00e9cid\u00e9 un mo\u00adment de couper les connexions internet. Cela a-t-il eu un impact sur les entreprises\u00a0?<\/strong><\/p>\n\n\n\n<p><br>Nos entreprises ont \u00e9t\u00e9 tr\u00e8s fortement impact\u00e9es. Celles du secteur bancaire, du p\u00e9trole et du gaz, des t\u00e9l\u00e9communications, de la distribution ont \u00e9t\u00e9 br\u00fbl\u00e9es et pill\u00e9es. C\u2019est incompr\u00e9hensible\u2026 Sans internet, les professionnels du num\u00e9rique subissent de graves pr\u00e9judices. Le secteur du Btp aussi. Alors, faisons tr\u00e8s attention car des risques r\u00e9els de mise au ch\u00f4mage technique, de licenciement \u00e9conomique et de perte de pouvoir d\u2019achat de milliers de travailleurs existent.<\/p>\n\n\n\n<p><br>Et je souligne qu\u2019il y a eu en plus, l\u2019arr\u00eat de presque toute l\u2019activit\u00e9 \u00e9conomique, car les chefs d\u2019entreprises se devaient de pr\u00e9server la s\u00e9curit\u00e9 des travailleurs et de leurs installations. Notre secteur productif a \u00e9t\u00e9 \u00e0 l\u2019arr\u00eat pendant 3 jours, m\u00eame si vous avez depuis lundi, une timide reprise dans quelques entreprises. Inqui\u00e9\u00adtudes et incertitudes nous animent tous.<\/p>\n\n\n\n<p><strong>Pensez-vous qu\u2019\u00e0 long terme, ces \u00e9v\u00e8nements puissent entacher l\u2019image du S\u00e9n\u00e9gal aupr\u00e8s des investisseurs\u00a0?<\/strong><\/p>\n\n\n\n<p><br>Je pr\u00e9cise d\u2019abord que si cette violence continue, des secteurs comme le tourisme, le transport a\u00e9rien, ainsi que les cha\u00eenes d\u2019approvisionnement de plusieurs produits et services risquent de subir une crise beaucoup plus profonde que celle du Covid-19.<\/p>\n\n\n\n<p>Au regard de la gravit\u00e9 de la situation, une r\u00e9union du Bureau ex\u00e9cutif du Cnp va se tenir cette semaine et le point sera fait sur la situation dans chaque sous-secteur d\u2019activit\u00e9s. Dans le contexte socio-politique actuel, nous devons davantage pr\u00eater attention \u00e0 cette sensibilit\u00e9 relative \u00e0 la s\u00e9curisation des investissements priv\u00e9s et \u00e0 la protection de l\u2019investisseur, qu\u2019il soit aussi bien national qu\u2019\u00e9tranger.<\/p>\n\n\n\n<p>Quand est diffus\u00e9e au S\u00e9n\u00e9gal, en Afrique et \u00e0 l\u2019\u00e9chelle du monde, cette nouvelle image d\u2019un S\u00e9n\u00e9gal abim\u00e9 de l\u2019int\u00e9rieur et pouvant \u00eatre aussi d\u00e9figur\u00e9 de l\u2019ext\u00e9rieur, cela ne peut qu\u2019impacter n\u00e9gativement la destination S\u00e9n\u00e9gal des flux d\u2019investissements et de capitaux. Et je rappelle que cette image est diffus\u00e9e \u00e0 un mois de la date du Forum Invest In S\u00e9n\u00e9gal, et \u00e0 l\u2019approche de l\u2019\u00e9lection pr\u00e9sidentielle de 2024.<\/p>\n\n\n\n<p>Si nous aimons notre S\u00e9n\u00e9gal, il nous appartient de consolider notre paix sociale et notre stabilit\u00e9 politique, ainsi que notre union et solidarit\u00e9 nationales.<\/p>\n\n\n\n<p><br>Je rappelle aussi que nul n\u2019ignore que notre S\u00e9n\u00e9gal a l\u2019avantage d\u2019\u00eatre cette Nation exceptionnelle de paix sociale, de pluralisme politique, de diversit\u00e9 socio-culturelle et de performances \u00e9conomiques que bien d\u2019autres nous envient.<\/p>\n\n\n\n<p>Avons-nous le droit de rentrer dans une nouvelle crise socio-politique alors que nous nous remettons difficilement de cette s\u00e9rie de crises exog\u00e8nes sans pr\u00e9c\u00e9dent&nbsp;: la pand\u00e9mie sanitaire du Covid-19, la hausse des cours mondiaux des denr\u00e9es de premi\u00e8re n\u00e9cessit\u00e9, le rench\u00e9rissement substantiel des co\u00fbts du fret, la gestion s\u00e9curitaire de la sous-r\u00e9gion, le conflit russo-ukrainien et les tensions sino-ta\u00efwanaises&nbsp;?<\/p>\n\n\n\n<p><strong>Quel message pouvez-vous lancer pour que les esprits retrouvent la s\u00e9r\u00e9nit\u00e9\u00a0?<\/strong><\/p>\n\n\n\n<p><br>Nul n\u2019ignore que nous entrons dans une nouvelle \u00e8re o\u00f9 le monde se divise, se reconstruit en nouveaux blocs, et invite les nations \u00e0 faire face \u00e0 des enjeux de souverainet\u00e9 \u00e9conomique et de d\u00e9fense nationale, mais aussi d\u2019intol\u00e9rance, de haine de soi, de discrimination, de violence et d\u2019obscurantisme.<\/p>\n\n\n\n<p>Et encore une fois, le secteur priv\u00e9 national nourrit l\u2019espoir que son appel \u00e0 la pr\u00e9servation de la paix sociale et la stabilit\u00e9 politique sera entendu, tant il est important de mobiliser notre jeunesse et toutes nos \u00e9nergies nationales\u00a0dans leur diversit\u00e9 autour de l\u2019int\u00e9r\u00eat g\u00e9n\u00e9ral et de donner un avenir socio-\u00e9conomique durable \u00e0 notre Nation. Je pr\u00e9cise que dans ce cadre, concernant l\u2019action du secteur priv\u00e9 national, nous avons d\u2019ores et d\u00e9j\u00e0 pris des initiatives pour rencontrer le chef de l\u2019Etat, tous les partis politiques et la Soci\u00e9t\u00e9 civile. Nous restons bien entendu tr\u00e8s optimistes.<\/p>\n\n\n\n<p><br>Propos recueillis<br><strong>par Mohamed GUEYE<\/strong><br><strong> mgueye@lequotidien.sn<\/strong><\/p>\n","protected":false},"excerpt":{"rendered":"<p>L\u2019\u00e9ruption de violence cons\u00e9cutive au verdict contre Ousmane Sonko l\u2019a trouv\u00e9 \u00e0 l\u2019\u00e9tranger, o\u00f9 il \u00e9tait encore hier. Mais le<\/p>\n","protected":false},"author":1,"featured_media":13588,"comment_status":"open","ping_status":"open","sticky":false,"template":"","format":"standard","meta":{"footnotes":""},"categories":[3],"tags":[],"class_list":["post-13584","post","type-post","status-publish","format-standard","has-post-thumbnail","hentry","category-event-more-news"],"_links":{"self":[{"href":"https:\/\/dekkbi.com\/index.php?rest_route=\/wp\/v2\/posts\/13584","targetHints":{"allow":["GET"]}}],"collection":[{"href":"https:\/\/dekkbi.com\/index.php?rest_route=\/wp\/v2\/posts"}],"about":[{"href":"https:\/\/dekkbi.com\/index.php?rest_route=\/wp\/v2\/types\/post"}],"author":[{"embeddable":true,"href":"https:\/\/dekkbi.com\/index.php?rest_route=\/wp\/v2\/users\/1"}],"replies":[{"embeddable":true,"href":"https:\/\/dekkbi.com\/index.php?rest_route=%2Fwp%2Fv2%2Fcomments&post=13584"}],"version-history":[{"count":1,"href":"https:\/\/dekkbi.com\/index.php?rest_route=\/wp\/v2\/posts\/13584\/revisions"}],"predecessor-version":[{"id":13589,"href":"https:\/\/dekkbi.com\/index.php?rest_route=\/wp\/v2\/posts\/13584\/revisions\/13589"}],"wp:featuredmedia":[{"embeddable":true,"href":"https:\/\/dekkbi.com\/index.php?rest_route=\/wp\/v2\/media\/13588"}],"wp:attachment":[{"href":"https:\/\/dekkbi.com\/index.php?rest_route=%2Fwp%2Fv2%2Fmedia&parent=13584"}],"wp:term":[{"taxonomy":"category","embeddable":true,"href":"https:\/\/dekkbi.com\/index.php?rest_route=%2Fwp%2Fv2%2Fcategories&post=13584"},{"taxonomy":"post_tag","embeddable":true,"href":"https:\/\/dekkbi.com\/index.php?rest_route=%2Fwp%2Fv2%2Ftags&post=13584"}],"curies":[{"name":"wp","href":"https:\/\/api.w.org\/{rel}","templated":true}]}}