{"id":13581,"date":"2023-06-07T10:06:42","date_gmt":"2023-06-07T10:06:42","guid":{"rendered":"https:\/\/dekkbi.com\/?p=13581"},"modified":"2023-06-07T10:06:42","modified_gmt":"2023-06-07T10:06:42","slug":"ucad-les-autorites-universitaires-en-visite-des-lieux-impactes","status":"publish","type":"post","link":"https:\/\/dekkbi.com\/?p=13581","title":{"rendered":"Ucad : Les autorit\u00e9s universitaires en visite des lieux impact\u00e9s"},"content":{"rendered":"\n<p><strong>Les autorit\u00e9s universitaires ont proc\u00e9d\u00e9 \u00e0 une visite des lieux impact\u00e9s lors des manifestations du jeudi 1er juin 2023. Le Recteur, Pr. Ahmadou Aly Mbaye, \u00e9tait accompagn\u00e9 du Directeur du COUD, du Sg de l&rsquo;UCAD, des chefs d&rsquo;\u00e9tablissement et des Directeurs centraux du rectorat. Cette visite a permis de mesurer l\u2019ampleur des d\u00e9g\u00e2ts caus\u00e9s sur les campus p\u00e9dagogique et social.<\/strong><\/p>\n\n\n\n<p>Au Campus p\u00e9dagogique, les six facult\u00e9s sur les lieux ont toutes subi des dommages. A la facult\u00e9 des Lettres et Sciences Humaines comme en Facult\u00e9 de M\u00e9decine, les archives qui datent de plusieurs d\u00e9cennies ont \u00e9t\u00e9 incendi\u00e9es. C\u2019est la m\u00e9moire de ces deux facult\u00e9s qui part ainsi en fum\u00e9e. A la Facult\u00e9 des Sciences Juridiques et Politique, c\u2019est le chapiteau moderne de 3 000 places qui a \u00e9t\u00e9 r\u00e9duit en cendres.<\/p>\n\n\n\n<p>Du c\u00f4t\u00e9 des \u00e9coles et instituts, c\u2019est le CESTI qui a subi le plus de dommages. La salle au rez-de-chauss\u00e9e du nouveau b\u00e2timent, ainsi que la case-foyer ont \u00e9t\u00e9 incendi\u00e9es. L&rsquo;EBAD non plus n&rsquo;a pas \u00e9chapp\u00e9 au saccage.<\/p>\n\n\n\n<p>Au campus social, la Direction du COUD a \u00e9t\u00e9 calcin\u00e9e, y compris le bureau du Directeur et celui de l\u2019ACP. Le cyber Sinkou a \u00e9galement \u00e9t\u00e9 incendi\u00e9. Le tout sans compter les vitres cass\u00e9es presque partout \u00e0 l\u2019universit\u00e9 (Ucad II, pavillon, IPMS, centre m\u00e9dico-social\u2026)<\/p>\n\n\n\n<p>Dans les deux campus, le mat\u00e9riel roulant a \u00e9t\u00e9 r\u00e9duit presque \u00e0 n\u00e9ant. Plus de 30 v\u00e9hicules ont \u00e9t\u00e9 calcin\u00e9s au campus p\u00e9dagogique, dont une vingtaine de bus et minibus ; le restant \u00e9tant des v\u00e9hicules de particuliers.<\/p>\n\n\n\n<p>Au campus social, 8 minibus de transport du personnel et une dizaine de v\u00e9hicules particuliers sont partis en flammes. Les d\u00e9g\u00e2ts sont donc \u00e9normes et il faudra beaucoup de temps et de ressources pour remettre l\u2019universit\u00e9 aux normes.<\/p>\n\n\n\n<p>Source &#8211; l\u00e9ral<\/p>\n","protected":false},"excerpt":{"rendered":"<p>Les autorit\u00e9s universitaires ont proc\u00e9d\u00e9 \u00e0 une visite des lieux impact\u00e9s lors des manifestations du jeudi 1er juin 2023. Le<\/p>\n","protected":false},"author":1,"featured_media":13585,"comment_status":"open","ping_status":"open","sticky":false,"template":"","format":"standard","meta":{"footnotes":""},"categories":[21],"tags":[],"class_list":["post-13581","post","type-post","status-publish","format-standard","has-post-thumbnail","hentry","category-societe"],"_links":{"self":[{"href":"https:\/\/dekkbi.com\/index.php?rest_route=\/wp\/v2\/posts\/13581","targetHints":{"allow":["GET"]}}],"collection":[{"href":"https:\/\/dekkbi.com\/index.php?rest_route=\/wp\/v2\/posts"}],"about":[{"href":"https:\/\/dekkbi.com\/index.php?rest_route=\/wp\/v2\/types\/post"}],"author":[{"embeddable":true,"href":"https:\/\/dekkbi.com\/index.php?rest_route=\/wp\/v2\/users\/1"}],"replies":[{"embeddable":true,"href":"https:\/\/dekkbi.com\/index.php?rest_route=%2Fwp%2Fv2%2Fcomments&post=13581"}],"version-history":[{"count":1,"href":"https:\/\/dekkbi.com\/index.php?rest_route=\/wp\/v2\/posts\/13581\/revisions"}],"predecessor-version":[{"id":13586,"href":"https:\/\/dekkbi.com\/index.php?rest_route=\/wp\/v2\/posts\/13581\/revisions\/13586"}],"wp:featuredmedia":[{"embeddable":true,"href":"https:\/\/dekkbi.com\/index.php?rest_route=\/wp\/v2\/media\/13585"}],"wp:attachment":[{"href":"https:\/\/dekkbi.com\/index.php?rest_route=%2Fwp%2Fv2%2Fmedia&parent=13581"}],"wp:term":[{"taxonomy":"category","embeddable":true,"href":"https:\/\/dekkbi.com\/index.php?rest_route=%2Fwp%2Fv2%2Fcategories&post=13581"},{"taxonomy":"post_tag","embeddable":true,"href":"https:\/\/dekkbi.com\/index.php?rest_route=%2Fwp%2Fv2%2Ftags&post=13581"}],"curies":[{"name":"wp","href":"https:\/\/api.w.org\/{rel}","templated":true}]}}