{"id":13564,"date":"2023-06-07T09:35:48","date_gmt":"2023-06-07T09:35:48","guid":{"rendered":"https:\/\/dekkbi.com\/?p=13564"},"modified":"2023-06-07T09:35:49","modified_gmt":"2023-06-07T09:35:49","slug":"saccage-pillage-incendie-gros-coup-dur-pour-auchan-et-300-travailleurs","status":"publish","type":"post","link":"https:\/\/dekkbi.com\/?p=13564","title":{"rendered":"Saccage, pillage, incendie\u2026 : gros coup dur pour Auchan et 300 travailleurs"},"content":{"rendered":"\n<p>Les magasins Auchan ont \u00e9t\u00e9 la cible des casseurs lors des manifestations qui ont suivi la condamnation de Ousmane Sonko dans le proc\u00e8s Sweet Beaut\u00e9. Le pr\u00e9judice est \u00e9norme. \u00abLors des r\u00e9centes manifestations, nous avons enregistr\u00e9 des saccages et pillages dans sept de nos magasins \u00e0 Dakar. Il s\u2019agit de ceux implant\u00e9s \u00e0 Scat Urbam 1, Scat Urbam 2 (Grand-Yoff), Zac Mbao, Pikine, Soprim (Parcelles Assainies)\u00bb, trace dans L\u2019Observateur Papa Samba Diouf, le directeur du d\u00e9veloppement et de la communication de l\u2019enseigne fran\u00e7aise.<\/p>\n\n\n\n<p>Ce n\u2019est pas tout. \u00abNos boutiques Total Dior et Total Libert\u00e9 6 ont aussi \u00e9t\u00e9 attaqu\u00e9es et vid\u00e9es, embraye le responsable \u00e0 Auchan. \u00c0 Mbour, le chapiteau comportant des produits non alimentaires a \u00e9t\u00e9 br\u00fbl\u00e9, certaines personnes ont pu s\u2019y introduire. Heureusement, la gendarmerie est arriv\u00e9e \u00e0 temps pour interrompre l\u2019action et arr\u00eater les personnes qui se trouvaient \u00e0 l\u2019int\u00e9rieur.\u00bb<\/p>\n\n\n\n<p>Les pertes ne sont pas encore chiffr\u00e9es. La priorit\u00e9 est ailleurs. \u00abActuellement, fait savoir Papa Samba Diouf, (nous sommes) beaucoup plus occup\u00e9s \u00e0 sauver le stock de ces magasins \u00e0 risque. Ces dommages enregistr\u00e9s constituent une menace pour les 300 employ\u00e9s qui y exer\u00e7aient. Pour le moment, aucune d\u00e9cision n\u2019est prise les concernant.\u00bb<\/p>\n\n\n\n<p>Source &#8211; seneweb<\/p>\n","protected":false},"excerpt":{"rendered":"<p>Les magasins Auchan ont \u00e9t\u00e9 la cible des casseurs lors des manifestations qui ont suivi la condamnation de Ousmane Sonko<\/p>\n","protected":false},"author":1,"featured_media":13565,"comment_status":"open","ping_status":"open","sticky":false,"template":"","format":"standard","meta":{"footnotes":""},"categories":[21],"tags":[],"class_list":["post-13564","post","type-post","status-publish","format-standard","has-post-thumbnail","hentry","category-societe"],"_links":{"self":[{"href":"https:\/\/dekkbi.com\/index.php?rest_route=\/wp\/v2\/posts\/13564","targetHints":{"allow":["GET"]}}],"collection":[{"href":"https:\/\/dekkbi.com\/index.php?rest_route=\/wp\/v2\/posts"}],"about":[{"href":"https:\/\/dekkbi.com\/index.php?rest_route=\/wp\/v2\/types\/post"}],"author":[{"embeddable":true,"href":"https:\/\/dekkbi.com\/index.php?rest_route=\/wp\/v2\/users\/1"}],"replies":[{"embeddable":true,"href":"https:\/\/dekkbi.com\/index.php?rest_route=%2Fwp%2Fv2%2Fcomments&post=13564"}],"version-history":[{"count":1,"href":"https:\/\/dekkbi.com\/index.php?rest_route=\/wp\/v2\/posts\/13564\/revisions"}],"predecessor-version":[{"id":13566,"href":"https:\/\/dekkbi.com\/index.php?rest_route=\/wp\/v2\/posts\/13564\/revisions\/13566"}],"wp:featuredmedia":[{"embeddable":true,"href":"https:\/\/dekkbi.com\/index.php?rest_route=\/wp\/v2\/media\/13565"}],"wp:attachment":[{"href":"https:\/\/dekkbi.com\/index.php?rest_route=%2Fwp%2Fv2%2Fmedia&parent=13564"}],"wp:term":[{"taxonomy":"category","embeddable":true,"href":"https:\/\/dekkbi.com\/index.php?rest_route=%2Fwp%2Fv2%2Fcategories&post=13564"},{"taxonomy":"post_tag","embeddable":true,"href":"https:\/\/dekkbi.com\/index.php?rest_route=%2Fwp%2Fv2%2Ftags&post=13564"}],"curies":[{"name":"wp","href":"https:\/\/api.w.org\/{rel}","templated":true}]}}