{"id":13561,"date":"2023-06-07T09:32:51","date_gmt":"2023-06-07T09:32:51","guid":{"rendered":"https:\/\/dekkbi.com\/?p=13561"},"modified":"2023-06-07T09:32:51","modified_gmt":"2023-06-07T09:32:51","slug":"visite-a-touba-ce-que-macky-sall-et-serigne-mountakha-se-sont-dits","status":"publish","type":"post","link":"https:\/\/dekkbi.com\/?p=13561","title":{"rendered":"Visite \u00e0 Touba : ce que Macky Sall et Serigne Mountakha se sont dits"},"content":{"rendered":"\n<p>Dos au mur devant l\u2019ampleur des manifestations sanglantes dont le S\u00e9n\u00e9gal a \u00e9t\u00e9 le th\u00e9\u00e2tre apr\u00e8s le verdict de la chambre crimi- nelle du tribunal de grande ins- tance hors classe de Dakar condamnant l\u2019opposant Ous- mane Sonko \u00e0 deux ans de pri- son ferme pour \u00ab corruption de la jeunesse \u00bb, le chef de l\u2019Etat, Macky Sall, s\u2019est rendu en petit comit\u00e9, dans la soir\u00e9e du lundi 05 juin dans la ville sainte de Touba pour y rencontrer, \u00e0 son domicile, le khalife g\u00e9n\u00e9ral des Mourides, Serigne Mountakha Bassirou Mback\u00e9. Les deux hommes ont eu une entrevue d\u2019environ une heure.<\/p>\n\n\n\n<p>Si les deux homme n\u2019ont pas fait de d\u00e9claration \u00e0 l\u2019issue de leur ren- contre, certaines indiscr\u00e9tions in- diquent que les \u00e9changes ont principalement port\u00e9 sur la situa- tion chaotique du pays engendr\u00e9e par la condamnation du chef de file de l\u2019opposition, Ousmane Sonko, \u00e0 2 ans d\u2019emprisonnement ferme, sur la probl\u00e9matique de la troisi\u00e8me candidature du Pr\u00e9si- dent, l\u2019organisation d\u2019un v\u00e9ritable dialogue national pour \u00e9changer sur les pr\u00e9occupations des uns et des autres afin d\u2019y apporter des solutions idoines. Mais surtout,<\/p>\n\n\n\n<p>Macky Sall aurait fait part au kha- life g\u00e9n\u00e9ral des Mourides de sa d\u00e9- cision de renoncer \u00e0 une troisi\u00e8me candidature. Une d\u00e9cision qu\u2019il en- tend mettre sur la table du Dia- logue national avec, comme conditionnalit\u00e9, la prolongation de son pr\u00e9sent mandat pr\u00e9sidentiel de deux ans jusqu\u2019\u00e0 2026 afin de lui permettre de remettre de l\u2019or- dre dans le pays et d\u2019organiser des \u00e9lections inclusives, paisibles et transparentes. Ce qui entra\u00eenerait de facto le report de l\u2019\u00e9lection pr\u00e9- sidentielle fix\u00e9e au 25 f\u00e9vrier 2024.<\/p>\n\n\n\n<p>Ce report qui serait ent\u00e9rin\u00e9 par le Dialogue national permettrait de mettre en l\u2019\u00e9tat les candidatures des leaders de l\u2019opposition tels que Khalifa Ababacar Sall de Ta- khawou S\u00e9n\u00e9gal, Karim Wade du Parti d\u00e9mocratique s\u00e9n\u00e9galais et&#8230; Ousmane Sonko du parti des Pa- triotes africains du S\u00e9n\u00e9gal pour le travail, l\u2019\u00e9thique et la forma- tion (Pastef-Les Patriotes), tous frapp\u00e9s d\u2019in\u00e9ligibilit\u00e9. Des condi- tions sine qua non \u00e0 ses yeux pour \u00e9viter au pays de sombrer dans des violences inutiles alors qu\u2019on est de plain-pied dans l\u2019ex- ploitation de nos ressources p\u00e9tro- li\u00e8res et gazi\u00e8res.<\/p>\n\n\n\n<p>Pour sa part, le khalife g\u00e9n\u00e9ral des Mourides qui aurait rappel\u00e9 le contenu de son sermon de la der- ni\u00e8re f\u00eate de Korit\u00e9 que ses \u00e9mis- saires avaient remis en mains propres au chef de l\u2019Etat, a insist\u00e9 sur l\u2019imp\u00e9rieuse n\u00e9cessit\u00e9, pour tous les acteurs toutes ob\u00e9diences confondues, de cultiver la paix et d\u2019\u00e9viter de poser des actes qui pourraient embraser le pays. Sans pour autant donner sa b\u00e9n\u00e9diction<\/p>\n\n\n\n<p>aux d\u00e9cisions politiques qu\u2019envisa- gerait de prendre le chef de l\u2019Etat, Serigne Mountakha Bassirou Mback\u00e9 a pri\u00e9 pour un climat apais\u00e9 dans le pays.<\/p>\n\n\n\n<p>Certains observateurs avertis du landerneau politique nous ont confirm\u00e9 que la prolongation du mandat pr\u00e9sidentiel de deux ans est effectivement inscrite \u00e0 l\u2019ordre du jour du dialogue politique. Plus exactement, certains participants pourraient proposer un tel gain de deux ans en faveur de l\u2019actuel pr\u00e9- sident de la R\u00e9publique. Et selon nos interlocuteurs, l\u2019opposition au- rait tort d\u2019accepter ces deux ans suppl\u00e9mentaires qui vont permet- tre au camp du pouvoir de se r\u00e9or- ganiser et de trouver un consensus autour d\u2019une candidature pour l\u2019\u00e9lection pr\u00e9sidentielle de 2026. Une prolongation qui pourrait aussi, selon eux, \u00eatre mise \u00e0 profit par le pr\u00e9sident Macky Sall pour approfondir la division de l\u2019opposi- tion avant de la r\u00e9duire \u00e0 sa plus simple expression&#8230; Mais toutes ces informations sont bien en- tendu \u00e0 prendre avec des pin- cettes vu que ni le pr\u00e9sident Macky Sall ni le Khalife Serigne Mountakha Mback\u00e9 n\u2019ont r\u00e9v\u00e9l\u00e9 la teneur de leur entretien nocturne de ce lundi !<\/p>\n\n\n\n<p>Source &#8211; Amadou Ly Diome &#8211; seneweb<\/p>\n","protected":false},"excerpt":{"rendered":"<p>Dos au mur devant l\u2019ampleur des manifestations sanglantes dont le S\u00e9n\u00e9gal a \u00e9t\u00e9 le th\u00e9\u00e2tre apr\u00e8s le verdict de la<\/p>\n","protected":false},"author":1,"featured_media":13562,"comment_status":"open","ping_status":"open","sticky":false,"template":"","format":"standard","meta":{"footnotes":""},"categories":[21],"tags":[],"class_list":["post-13561","post","type-post","status-publish","format-standard","has-post-thumbnail","hentry","category-societe"],"_links":{"self":[{"href":"https:\/\/dekkbi.com\/index.php?rest_route=\/wp\/v2\/posts\/13561","targetHints":{"allow":["GET"]}}],"collection":[{"href":"https:\/\/dekkbi.com\/index.php?rest_route=\/wp\/v2\/posts"}],"about":[{"href":"https:\/\/dekkbi.com\/index.php?rest_route=\/wp\/v2\/types\/post"}],"author":[{"embeddable":true,"href":"https:\/\/dekkbi.com\/index.php?rest_route=\/wp\/v2\/users\/1"}],"replies":[{"embeddable":true,"href":"https:\/\/dekkbi.com\/index.php?rest_route=%2Fwp%2Fv2%2Fcomments&post=13561"}],"version-history":[{"count":1,"href":"https:\/\/dekkbi.com\/index.php?rest_route=\/wp\/v2\/posts\/13561\/revisions"}],"predecessor-version":[{"id":13563,"href":"https:\/\/dekkbi.com\/index.php?rest_route=\/wp\/v2\/posts\/13561\/revisions\/13563"}],"wp:featuredmedia":[{"embeddable":true,"href":"https:\/\/dekkbi.com\/index.php?rest_route=\/wp\/v2\/media\/13562"}],"wp:attachment":[{"href":"https:\/\/dekkbi.com\/index.php?rest_route=%2Fwp%2Fv2%2Fmedia&parent=13561"}],"wp:term":[{"taxonomy":"category","embeddable":true,"href":"https:\/\/dekkbi.com\/index.php?rest_route=%2Fwp%2Fv2%2Fcategories&post=13561"},{"taxonomy":"post_tag","embeddable":true,"href":"https:\/\/dekkbi.com\/index.php?rest_route=%2Fwp%2Fv2%2Ftags&post=13561"}],"curies":[{"name":"wp","href":"https:\/\/api.w.org\/{rel}","templated":true}]}}