{"id":13559,"date":"2023-06-07T10:03:55","date_gmt":"2023-06-07T10:03:55","guid":{"rendered":"https:\/\/dekkbi.com\/?p=13559"},"modified":"2023-06-07T10:03:56","modified_gmt":"2023-06-07T10:03:56","slug":"sous-controle-judiciaire-cheikh-adjibou-soumare-sera-devant-le-juge-le-7-juin","status":"publish","type":"post","link":"https:\/\/dekkbi.com\/?p=13559","title":{"rendered":"Sous contr\u00f4le judiciaire: Cheikh Adjibou Soumar\u00e9 sera devant le juge le 7 juin"},"content":{"rendered":"\n<p>L\u2019ancien Premier ministre Cheikh Adjibou Soumar\u00e9 est de nouveau convoqu\u00e9, ce mercredi 7 juin 2023, devant le juge du troisi\u00e8me cabinet d\u2019instruction du tribunal de Dakar, dans le cadre de l\u2019enqu\u00eate relative aux all\u00e9gations, faites dans une lettre ouverte adress\u00e9e, en d\u00e9but mars dernier, \u00e0 Macky Sall, interpellant ce dernier sur un suppos\u00e9 versement d\u2019un montant de pr\u00e8s de 8 milliards FCfa, en faveur de Marine Le Pen, une personnalit\u00e9 politique fran\u00e7aise et pr\u00e9sidente du Rassemblement national.<\/p>\n\n\n\n<p>Convoqu\u00e9 le 9 mars \u00e0 la S\u00fbret\u00e9 urbaine (Su) du Commissariat central de Dakar, o\u00f9 il a pass\u00e9 la nuit, apr\u00e8s avoir \u00e9t\u00e9 entendu par les enqu\u00eateurs, le leader du mouvement \u00ab D\u00e9mocratie et R\u00e9publique \u00bb a \u00e9t\u00e9 d\u00e9f\u00e9r\u00e9 au Parquet, le lendemain, avant d\u2019\u00eatre plac\u00e9 sous contr\u00f4le judiciaire.<br><\/p>\n\n\n\n<p>Ousmane Wade<\/p>\n\n\n\n<p>LERAL<\/p>\n","protected":false},"excerpt":{"rendered":"<p>L\u2019ancien Premier ministre Cheikh Adjibou Soumar\u00e9 est de nouveau convoqu\u00e9, ce mercredi 7 juin 2023, devant le juge du troisi\u00e8me<\/p>\n","protected":false},"author":1,"featured_media":13582,"comment_status":"open","ping_status":"open","sticky":false,"template":"","format":"standard","meta":{"footnotes":""},"categories":[26],"tags":[],"class_list":["post-13559","post","type-post","status-publish","format-standard","has-post-thumbnail","hentry","category-fait-divers"],"_links":{"self":[{"href":"https:\/\/dekkbi.com\/index.php?rest_route=\/wp\/v2\/posts\/13559","targetHints":{"allow":["GET"]}}],"collection":[{"href":"https:\/\/dekkbi.com\/index.php?rest_route=\/wp\/v2\/posts"}],"about":[{"href":"https:\/\/dekkbi.com\/index.php?rest_route=\/wp\/v2\/types\/post"}],"author":[{"embeddable":true,"href":"https:\/\/dekkbi.com\/index.php?rest_route=\/wp\/v2\/users\/1"}],"replies":[{"embeddable":true,"href":"https:\/\/dekkbi.com\/index.php?rest_route=%2Fwp%2Fv2%2Fcomments&post=13559"}],"version-history":[{"count":1,"href":"https:\/\/dekkbi.com\/index.php?rest_route=\/wp\/v2\/posts\/13559\/revisions"}],"predecessor-version":[{"id":13583,"href":"https:\/\/dekkbi.com\/index.php?rest_route=\/wp\/v2\/posts\/13559\/revisions\/13583"}],"wp:featuredmedia":[{"embeddable":true,"href":"https:\/\/dekkbi.com\/index.php?rest_route=\/wp\/v2\/media\/13582"}],"wp:attachment":[{"href":"https:\/\/dekkbi.com\/index.php?rest_route=%2Fwp%2Fv2%2Fmedia&parent=13559"}],"wp:term":[{"taxonomy":"category","embeddable":true,"href":"https:\/\/dekkbi.com\/index.php?rest_route=%2Fwp%2Fv2%2Fcategories&post=13559"},{"taxonomy":"post_tag","embeddable":true,"href":"https:\/\/dekkbi.com\/index.php?rest_route=%2Fwp%2Fv2%2Ftags&post=13559"}],"curies":[{"name":"wp","href":"https:\/\/api.w.org\/{rel}","templated":true}]}}