{"id":13493,"date":"2023-06-06T09:26:51","date_gmt":"2023-06-06T09:26:51","guid":{"rendered":"https:\/\/dekkbi.com\/?p=13493"},"modified":"2023-06-06T09:26:52","modified_gmt":"2023-06-06T09:26:52","slug":"france-les-syndicats-esperent-mobiliser-une-nouvelle-fois-contre-la-reforme-des-retraites","status":"publish","type":"post","link":"https:\/\/dekkbi.com\/?p=13493","title":{"rendered":"France: les syndicats esp\u00e8rent mobiliser une nouvelle fois contre la r\u00e9forme des retraites"},"content":{"rendered":"\n<p><strong>De 400\u00a0000 \u00e0 600\u00a0000 manifestants sont attendus dans toute la France pour la 14e journ\u00e9e de mobilisation contre la r\u00e9forme des retraites, mardi 6 juin. Les syndicats, qui veulent encore croire \u00e0 une victoire des opposants \u00e0 la r\u00e9forme, entendent mobiliser massivement, deux jours avant l\u2019examen \u00e0 l\u2019Assembl\u00e9e d\u2019une proposition de loi pour abroger la mesure sur le recul de l\u2019\u00e2ge de d\u00e9part. Apr\u00e8s des mois, difficile de remobiliser, mais la col\u00e8re se fait pr\u00e9sente.<\/strong><\/p>\n\n\n\n<p>On est au mitan de l&rsquo;apaisement. \u00c0 la moiti\u00e9 des\u00a0<strong>100 jours que s&rsquo;\u00e9tait donn\u00e9s Emmanuel Macron<\/strong>\u00a0pour convaincre et \u00ab\u00a0<em>retrouver l&rsquo;\u00e9lan de la nation<\/em>\u00a0\u00bb, selon son discours du 17 avril, le pr\u00e9sident de la R\u00e9publique sera toujours\u00a0<strong>en premi\u00e8re ligne dans les slogans et les critiques<\/strong>\u00a0ce mardi dans les cort\u00e8ges.<\/p>\n\n\n\n<p>La d\u00e9fiance suscit\u00e9e par le\u00a0<strong>passage en force de la r\u00e9forme \u00e0 l&rsquo;Assembl\u00e9e via l&rsquo;article 49.3<\/strong>\u00a0de la constitution est toujours importante. Selon un sondage de l&rsquo;Ifop, 57% des Fran\u00e7ais soutiennent la mobilisation de ce mardi.<\/p>\n\n\n\n<p>D&rsquo;un autre c\u00f4t\u00e9, le mouvement semble \u00eatre retomb\u00e9.\u00a0<strong>Les concerts de casseroles se sont rar\u00e9fi\u00e9s<\/strong>, les journ\u00e9es de gr\u00e8ve se sont espac\u00e9s \u2013 la\u00a0<strong>derni\u00e8re date du 1er mai<\/strong>.\u00a0Apr\u00e8s plus d&rsquo;un mois, pas simple de remobiliser, susurre-t-on chez certains syndicats. Si beaucoup de Fran\u00e7ais soutiennent le mouvement, il y a une certaine lassitude parmi les opposants au texte\u00a0apr\u00e8s plus de quatre mois de mobilisation historique qui n&rsquo;ont pas r\u00e9ussi pour autant \u00e0 emp\u00eacher l&rsquo;adoption du texte\u00a0: tous n&rsquo;iront pas manifester demain.<\/p>\n\n\n\n<p>Beaucoup de Fran\u00e7ais sont d\u00e9sormais lass\u00e9s et n&rsquo;esp\u00e8rent plus rien des mobilisations contre la r\u00e9forme des retraites, malgr\u00e9 leur opposition \u00e0 celle-ci<\/p>\n\n\n\n<p>Nathana\u00ebl Vittrant<\/p>\n\n\n\n<p>Les organisations esp\u00e8rent tout de m\u00eame une forte mobilisation. Pour l&rsquo;intersyndicale, l&rsquo;enjeu est double\u00a0: maintenir l&rsquo;espoir d&rsquo;une victoire sur la r\u00e9forme des retraites et s&rsquo;inscrire \u00e0 plus long terme avant la tr\u00eave estivale.\u00a0<strong>Si l&rsquo;unit\u00e9 n&rsquo;a pas pay\u00e9 pour l&rsquo;instant<\/strong>, elle offre de nouvelles perspectives aux syndicats.<\/p>\n\n\n\n<h2 class=\"wp-block-heading\">Un dispositif policier massif face aux craintes de l\u2019ex\u00e9cutif<\/h2>\n\n\n\n<p>L&rsquo;intersyndicale compte bien mobiliser massivement&nbsp;: \u00ab<em>&nbsp;Rien n&rsquo;est \u00e9crit d&rsquo;avance&nbsp;<\/em>\u00bb, avait dit Sophie Binet, secr\u00e9taire g\u00e9n\u00e9rale de la CGT, voulant encore croire \u00e0 une victoire des opposants \u00e0 la r\u00e9forme des retraites. De son c\u00f4t\u00e9, l&rsquo;ex\u00e9cutif craint de nouveaux d\u00e9bordements lors du cort\u00e8ge, alors le parcours des manifestants sera sous haute surveillance.<\/p>\n\n\n\n<p>C&rsquo;est \u00e0 Paris que la mobilisation doit \u00eatre la plus importante&nbsp;: jusqu&rsquo;\u00e0 70&nbsp;000 manifestants attendus entre les Invalides et la Place d&rsquo;Italie, en plein c\u0153ur de la capitale. Le ministre de l\u2019Int\u00e9rieur G\u00e9rald Darmanin a annonc\u00e9 4&nbsp;000 policiers et gendarmes mobilis\u00e9s \u00e0 Paris, soit autant que lors des derniers rassemblements. 11 000 policiers et gendarmes seront mobilis\u00e9s dans toute la France, selon Laurent Nu\u00f1ez.<\/p>\n\n\n\n<p>Le ministre de l&rsquo;Int\u00e9rieur qui craint la venue de \u00ab&nbsp;<em>membres de l&rsquo;ultragauche venus d&rsquo;Allemagne, Espagne ou encore Italie&nbsp;<\/em>\u00bb, soit un millier \u00ab<em>&nbsp;d&rsquo;\u00e9l\u00e9ments radicaux&nbsp;<\/em>\u00bb, selon les services de renseignement, qui pourraient bien cr\u00e9er des d\u00e9bordements. Le 7 mars dernier, d\u00e9j\u00e0, des violences avaient \u00e9maill\u00e9 la manifestation parisienne.<\/p>\n\n\n\n<p>Alors pour \u00e9viter de nouvelles d\u00e9gradations, le minist\u00e8re de l&rsquo;Int\u00e9rieur a d\u00e9j\u00e0 prononc\u00e9 \u00ab<em>\u00a017 interdictions administratives du territoire\u00a0<\/em>\u00bb.<\/p>\n\n\n\n<p>Dans toute la France, 250 rassemblements sont annonc\u00e9s. Dans les grandes villes comme Lyon, Marseille, Bordeaux, mais aussi dans des villes moyennes.<\/p>\n\n\n\n<h2 class=\"wp-block-heading\">L\u2019opposition parlementaire alerte contre \u00ab<em>&nbsp;un nouveau d\u00e9ni de d\u00e9mocratie&nbsp;<\/em>\u00bb<\/h2>\n\n\n\n<p>L&rsquo;opposition parlementaire alerte sur un risque \u00ab<em>\u00a0d&rsquo;accroissement de la col\u00e8re et de la violence\u00a0<\/em>\u00bb. Dans\u00a0<strong>une tribune publi\u00e9e dans le journal\u00a0<em>Le Monde<\/em><\/strong>\u00a0lundi 5 juin, plusieurs d\u00e9put\u00e9s de gauche pr\u00e9viennent : il faut \u00ab<em>\u00a0un vote non biais\u00e9\u00a0<\/em>\u00bb \u00e0 l&rsquo;Assembl\u00e9e nationale\u00a0pour \u00e9viter \u00ab<em>\u00a0un nouveau d\u00e9ni de d\u00e9mocratie\u00a0<\/em>\u00bb.<\/p>\n\n\n\n<p>Car l\u2019Assembl\u00e9e pourrait examiner jeudi 8 juin une proposition de loi du groupe Liot\u00a0<strong>visant \u00e0 annuler la mesure controvers\u00e9e<\/strong>\u00a0du recul de l\u2019\u00e2ge de d\u00e9part \u00e0 la retraite \u00e0 64 ans.<\/p>\n\n\n\n<p>Alors que les oppositions ont quasiment leurs recours parlementaires et que les premiers d\u00e9crets d&rsquo;application de la loi ont \u00e9t\u00e9 publi\u00e9s, pas question de c\u00e9der \u00e0 l&rsquo;abattement du c\u00f4t\u00e9 de la Nupes, notamment&nbsp;: la bataille continue, explique le d\u00e9put\u00e9 la France insoumise, William Martinet.<\/p>\n","protected":false},"excerpt":{"rendered":"<p>De 400\u00a0000 \u00e0 600\u00a0000 manifestants sont attendus dans toute la France pour la 14e journ\u00e9e de mobilisation contre la r\u00e9forme<\/p>\n","protected":false},"author":1,"featured_media":9159,"comment_status":"open","ping_status":"open","sticky":false,"template":"","format":"standard","meta":{"footnotes":""},"categories":[51],"tags":[],"class_list":["post-13493","post","type-post","status-publish","format-standard","has-post-thumbnail","hentry","category-general"],"_links":{"self":[{"href":"https:\/\/dekkbi.com\/index.php?rest_route=\/wp\/v2\/posts\/13493","targetHints":{"allow":["GET"]}}],"collection":[{"href":"https:\/\/dekkbi.com\/index.php?rest_route=\/wp\/v2\/posts"}],"about":[{"href":"https:\/\/dekkbi.com\/index.php?rest_route=\/wp\/v2\/types\/post"}],"author":[{"embeddable":true,"href":"https:\/\/dekkbi.com\/index.php?rest_route=\/wp\/v2\/users\/1"}],"replies":[{"embeddable":true,"href":"https:\/\/dekkbi.com\/index.php?rest_route=%2Fwp%2Fv2%2Fcomments&post=13493"}],"version-history":[{"count":1,"href":"https:\/\/dekkbi.com\/index.php?rest_route=\/wp\/v2\/posts\/13493\/revisions"}],"predecessor-version":[{"id":13494,"href":"https:\/\/dekkbi.com\/index.php?rest_route=\/wp\/v2\/posts\/13493\/revisions\/13494"}],"wp:featuredmedia":[{"embeddable":true,"href":"https:\/\/dekkbi.com\/index.php?rest_route=\/wp\/v2\/media\/9159"}],"wp:attachment":[{"href":"https:\/\/dekkbi.com\/index.php?rest_route=%2Fwp%2Fv2%2Fmedia&parent=13493"}],"wp:term":[{"taxonomy":"category","embeddable":true,"href":"https:\/\/dekkbi.com\/index.php?rest_route=%2Fwp%2Fv2%2Fcategories&post=13493"},{"taxonomy":"post_tag","embeddable":true,"href":"https:\/\/dekkbi.com\/index.php?rest_route=%2Fwp%2Fv2%2Ftags&post=13493"}],"curies":[{"name":"wp","href":"https:\/\/api.w.org\/{rel}","templated":true}]}}