{"id":13474,"date":"2023-06-06T09:09:42","date_gmt":"2023-06-06T09:09:42","guid":{"rendered":"https:\/\/dekkbi.com\/?p=13474"},"modified":"2023-06-06T11:01:45","modified_gmt":"2023-06-06T11:01:45","slug":"report-du-demarrage-des-examens-de-la-session-2023-du-bep-document","status":"publish","type":"post","link":"https:\/\/dekkbi.com\/?p=13474","title":{"rendered":"Report du d\u00e9marrage des examens de la session 2023 du BEP"},"content":{"rendered":"\n<p>\u00ab\u00a0Pour une organisation correcte et simultan\u00e9e des examens sur toute l&rsquo;\u00e9tendue du territoire national, le d\u00e9marrage des \u00e9preuves du Brevet d&rsquo;\u00e9tudes professionnelles (BEP), Initialement pr\u00e9vu le mardi 6 juin 2023, est report\u00e9 au jeudi 15 juin 2023.<\/p>\n\n\n\n<p>A cet effet, je vous invite \u00e0 prendre les dispositions n\u00e9cessaires, en relation avec les acteurs concern\u00e9s, pour le respect de la date sus indiqu\u00e9e.<\/p>\n\n\n\n<p>Par ailleurs, vous veillerez \u00e0 mettre en place un dispositif de communication ad\u00e9quat pour informer l&rsquo;ensemble des acteurs concern\u00e9s par tout moyen appropri\u00e9 (affichage, communiqu\u00e9 de presse&#8230;), J&rsquo;attache du prix \u00e0 l&rsquo;ex\u00e9cution diligente de la pr\u00e9sente\u00a0\u00bb.<\/p>\n\n\n\n<p>Minist\u00e8re de la formation professionnelle, de l&rsquo;Apprentissage et de l&rsquo;Insertion<\/p>\n\n\n\n<figure class=\"wp-block-image size-full\"><img loading=\"lazy\" decoding=\"async\" width=\"671\" height=\"975\" src=\"https:\/\/dekkbi.com\/wp-content\/uploads\/2023\/06\/image.png\" alt=\"\" class=\"wp-image-13475\" srcset=\"https:\/\/dekkbi.com\/wp-content\/uploads\/2023\/06\/image.png 671w, https:\/\/dekkbi.com\/wp-content\/uploads\/2023\/06\/image-206x300.png 206w\" sizes=\"auto, (max-width: 671px) 100vw, 671px\" \/><\/figure>\n\n\n\n<p>Nd\u00e8ye Fatou K\u00e9b\u00e9<\/p>\n\n\n\n<p>LERAL<\/p>\n","protected":false},"excerpt":{"rendered":"<p>\u00ab\u00a0Pour une organisation correcte et simultan\u00e9e des examens sur toute l&rsquo;\u00e9tendue du territoire national, le d\u00e9marrage des \u00e9preuves du Brevet<\/p>\n","protected":false},"author":1,"featured_media":13476,"comment_status":"open","ping_status":"open","sticky":false,"template":"","format":"standard","meta":{"footnotes":""},"categories":[21],"tags":[],"class_list":["post-13474","post","type-post","status-publish","format-standard","has-post-thumbnail","hentry","category-societe"],"_links":{"self":[{"href":"https:\/\/dekkbi.com\/index.php?rest_route=\/wp\/v2\/posts\/13474","targetHints":{"allow":["GET"]}}],"collection":[{"href":"https:\/\/dekkbi.com\/index.php?rest_route=\/wp\/v2\/posts"}],"about":[{"href":"https:\/\/dekkbi.com\/index.php?rest_route=\/wp\/v2\/types\/post"}],"author":[{"embeddable":true,"href":"https:\/\/dekkbi.com\/index.php?rest_route=\/wp\/v2\/users\/1"}],"replies":[{"embeddable":true,"href":"https:\/\/dekkbi.com\/index.php?rest_route=%2Fwp%2Fv2%2Fcomments&post=13474"}],"version-history":[{"count":2,"href":"https:\/\/dekkbi.com\/index.php?rest_route=\/wp\/v2\/posts\/13474\/revisions"}],"predecessor-version":[{"id":13545,"href":"https:\/\/dekkbi.com\/index.php?rest_route=\/wp\/v2\/posts\/13474\/revisions\/13545"}],"wp:featuredmedia":[{"embeddable":true,"href":"https:\/\/dekkbi.com\/index.php?rest_route=\/wp\/v2\/media\/13476"}],"wp:attachment":[{"href":"https:\/\/dekkbi.com\/index.php?rest_route=%2Fwp%2Fv2%2Fmedia&parent=13474"}],"wp:term":[{"taxonomy":"category","embeddable":true,"href":"https:\/\/dekkbi.com\/index.php?rest_route=%2Fwp%2Fv2%2Fcategories&post=13474"},{"taxonomy":"post_tag","embeddable":true,"href":"https:\/\/dekkbi.com\/index.php?rest_route=%2Fwp%2Fv2%2Ftags&post=13474"}],"curies":[{"name":"wp","href":"https:\/\/api.w.org\/{rel}","templated":true}]}}