{"id":13460,"date":"2023-06-05T13:13:50","date_gmt":"2023-06-05T13:13:50","guid":{"rendered":"https:\/\/dekkbi.com\/?p=13460"},"modified":"2023-06-05T13:13:51","modified_gmt":"2023-06-05T13:13:51","slug":"la-grande-dictee-les-champs-elysees-transformes-en-salle-de-classe","status":"publish","type":"post","link":"https:\/\/dekkbi.com\/?p=13460","title":{"rendered":"La grande dict\u00e9e : les Champs-Elys\u00e9es transform\u00e9s en salle de classe"},"content":{"rendered":"\n<p>Un tableau de 102 m\u00e8tres carr\u00e9s, une salle de classe qui en fait 6.600 et pas moins de 1.779 pupitres: des milliers de personnes de dix ans \u00e0 92 ans ont particip\u00e9 dimanche \u00e0 une dict\u00e9e g\u00e9ante sur l&rsquo;avenue des Champs-Elys\u00e9es \u00e0 Paris, transform\u00e9e en une immense salle de classe.<\/p>\n\n\n\n<p>Aur\u00e9lie Burani et son fils Yanis sont assis parmi les premiers rangs. Sourire aux l\u00e8vres, ils se prennent tous les deux en photo pour immortaliser cet \u00e9v\u00e9nement. \u00ab\u00a0J&rsquo;avais envie de partager ce moment avec mon fils\u00a0\u00bb, explique la m\u00e8re de 40 ans. Yanis, lui, a tout de m\u00eame h\u00e9sit\u00e9 avant de soumettre sa candidature. \u00ab\u00a0Je vais bient\u00f4t passer le brevet, donc c&rsquo;est un bon entra\u00eenement\u00a0\u00bb, explique le coll\u00e9gien de 14 ans.<\/p>\n\n\n\n<p>S&rsquo;entra\u00eener pour s&rsquo;am\u00e9liorer, c&rsquo;est aussi l&rsquo;objectif de Florence Darblay, retrait\u00e9e. \u00ab\u00a0Mon orthographe s&rsquo;est d\u00e9grad\u00e9e avec le temps parce que j&rsquo;\u00e9cris moins. Pour m&rsquo;am\u00e9liorer, je me suis mise au bridge, il y a un an. Ce jeu de cartes me permet de faire marcher mon cerveau\u00a0\u00bb, explique-t-elle \u00e0 l&rsquo;AFP.<\/p>\n\n\n\n<p>Cet \u00e9v\u00e9nement, qui a re\u00e7u plus de 50.000 candidatures, est une premi\u00e8re mondiale. Parmi les inscrits, 5.100 personnes ont \u00e9t\u00e9 tir\u00e9es au sort pour pouvoir participer \u00e0 l&rsquo;une des trois grandes dict\u00e9es, soit 1.779 participants par exercice, avec pour ma\u00eetre de c\u00e9r\u00e9monie le romancier Rachid Santaki.<\/p>\n\n\n\n<figure class=\"wp-block-image\"><img decoding=\"async\" src=\"https:\/\/information.tv5monde.com\/sites\/tv5-info\/files\/styles\/entete\/public\/2023-06\/field_media_image-2706403-78d7900c749f17b4d9b68c3b2eaf0ea2a75c1f9e.jpg?itok=L0ohv_3x\" alt=\"Des milliers de personnes de dix ans \u00e0 92 ans participent \u00e0 une dict\u00e9e g\u00e9ante sur l'avenue des Champs-Elys\u00e9es \u00e0 Paris, le 4 juin 2023 \" title=\"Des milliers de personnes de dix ans \u00e0 92 ans participent \u00e0 une dict\u00e9e g\u00e9ante sur l'avenue des Champs-Elys\u00e9es \u00e0 Paris, le 4 juin 2023 \"\/><\/figure>\n\n\n\n<p>Des milliers de personnes de dix ans \u00e0 92 ans participent \u00e0 une dict\u00e9e g\u00e9ante sur l&rsquo;avenue des Champs-Elys\u00e9es \u00e0 Paris, le 4 juin 2023<\/p>\n\n\n\n<p>AFP<\/p>\n\n\n\n<p>ALAIN JOCARD<\/p>\n\n\n\n<p>Marc-Antoine Jamet, pr\u00e9sident du Comit\u00e9 des Champs-Elys\u00e9es, \u00e0 l&rsquo;initiative de la dict\u00e9e, vise une inscription dans le World Guinness Book of Records, dont la juge officielle, Anouk de Timary, pr\u00e9cise que seule la \u00ab\u00a0participation active\u00a0\u00bb des participants sera comptabilis\u00e9e: \u00ab\u00a0Il faut au moins cent mots correspondant au texte pour que la participation compte\u00a0\u00bb.<\/p>\n\n\n\n<p>\u00ab\u00a0Vous \u00eates remarquables. Vous \u00eates beaux. Vous \u00eates les meilleurs!\u00a0\u00bb lance aux participants assis \u00e0 leur pupitre et face \u00e0 leur copie d&rsquo;examen Marc-Antoine Jamet, quelques minutes avant le d\u00e9but du premier des trois exercices. Au menu: un passage de la Mule du Pape, une nouvelle tir\u00e9e des Lettres de mon moulin d&rsquo;Alphonse Daudet, dict\u00e9e par le journaliste et pr\u00e9sident de l&rsquo;association Biblioth\u00e8que sans fronti\u00e8res, Augustin Trapenard.<\/p>\n\n\n\n<h2 class=\"wp-block-heading\">\u00ab\u00a0je n&rsquo;ai fait que deux fautes! \u00ab\u00a0<\/h2>\n\n\n\n<p>Il est 14H15 et c&rsquo;est le silence total sur la plus c\u00e9l\u00e8bre avenue du monde. Petits et grands sont pench\u00e9s sur leur copie, stylo bic \u00e0 la main. Mais au bout de quelques minutes, Samson, 10 ans, n&rsquo;\u00e9coute plus le professeur juch\u00e9 sur l&rsquo;immense estrade. \u00ab\u00a0Je trouve que c&rsquo;est compliqu\u00e9 parce que \u00e7a va trop vite. Du coup, j&rsquo;ai abandonn\u00e9\u00a0\u00bb, explique l&rsquo;\u00e9l\u00e8ve de CM1.<\/p>\n\n\n\n<figure class=\"wp-block-image\"><img decoding=\"async\" src=\"https:\/\/information.tv5monde.com\/sites\/tv5-info\/files\/styles\/entete\/public\/2023-06\/field_media_image-2706405-0259c3f76e534c641c11e87fabc6202505ad2ba5.jpg?itok=-omUku9F\" alt=\"Des milliers de personnes de dix ans \u00e0 92 ans participent \u00e0 une dict\u00e9e g\u00e9ante sur l'avenue des Champs-Elys\u00e9es \u00e0 Paris, le 4 juin 2023 \" title=\"Des milliers de personnes de dix ans \u00e0 92 ans participent \u00e0 une dict\u00e9e g\u00e9ante sur l'avenue des Champs-Elys\u00e9es \u00e0 Paris, le 4 juin 2023 \"\/><\/figure>\n\n\n\n<p>Des milliers de personnes de dix ans \u00e0 92 ans participent \u00e0 une dict\u00e9e g\u00e9ante sur l&rsquo;avenue des Champs-Elys\u00e9es \u00e0 Paris, le 4 juin 2023<\/p>\n\n\n\n<p>AFP<\/p>\n\n\n\n<p>ALAIN JOCARD<\/p>\n\n\n\n<p>Vingt minutes plus tard, la dict\u00e9e prend fin. Un soulagement pour Adrien Blind, 42 ans: \u00ab\u00a0\u00c0 travers cet exercice, je me souviens du stress, des inqui\u00e9tudes, de cette sensation de perdre le fil\u00a0\u00bb. \u00c0 sa gauche, son fils est contrari\u00e9. En CM2, Antoine fait partie des meilleurs de sa classe. Pourtant, sa copie est presque vide: \u00ab\u00a0C&rsquo;\u00e9tait quasi-impossible! C&rsquo;\u00e9tait une dict\u00e9e pour les adultes\u00a0\u00bb.<\/p>\n\n\n\n<p>Il y aussi ceux qui ont r\u00e9ussi, comme Touria Zerhouni, qui lance un cri de joie pendant la correction en autonomie. \u00ab\u00a0Je n&rsquo;ai fait que deux fautes ! Je m\u2019attendais \u00e0 bien plus dur\u00a0\u00bb, se r\u00e9jouit la retrait\u00e9e de 65 ans. Une \u00e9quipe d&rsquo;une trentaine de professeurs de fran\u00e7ais de la soci\u00e9t\u00e9 Acadomia, sp\u00e9cialis\u00e9e dans les cours de soutien, est mobilis\u00e9e pour valider ensuite les corrig\u00e9s.<\/p>\n\n\n\n<figure class=\"wp-block-image\"><img decoding=\"async\" src=\"https:\/\/information.tv5monde.com\/sites\/tv5-info\/files\/styles\/entete\/public\/2023-06\/field_media_image-2706407-f9c483dd93227f7d3d8ae470d1cc86edb857ed9c.jpg?itok=B09aKEvC\" alt=\"Des milliers de personnes de dix ans \u00e0 92 ans participent \u00e0 une dict\u00e9e g\u00e9ante sur l'avenue des Champs-Elys\u00e9es \u00e0 Paris, le 4 juin 2023 \" title=\"Des milliers de personnes de dix ans \u00e0 92 ans participent \u00e0 une dict\u00e9e g\u00e9ante sur l'avenue des Champs-Elys\u00e9es \u00e0 Paris, le 4 juin 2023 \"\/><\/figure>\n\n\n\n<p>Des milliers de personnes de dix ans \u00e0 92 ans participent \u00e0 une dict\u00e9e g\u00e9ante sur l&rsquo;avenue des Champs-Elys\u00e9es \u00e0 Paris, le 4 juin 2023<\/p>\n\n\n\n<p>AFP<\/p>\n\n\n\n<p>ALAIN JOCARD<\/p>\n\n\n\n<p>Les deux dict\u00e9es suivantes seront un texte contemporain lu par l&rsquo;\u00e9crivaine et journaliste Katherine Pancol, et un texte sur un th\u00e8me sportif, dict\u00e9 par le rugbyman Pierre Rabadan.<\/p>\n\n\n\n<p>La grande dict\u00e9e des Champs est l&rsquo;occasion de tester son orthographe mais aussi de c\u00e9l\u00e9brer la langue fran\u00e7aise, selon Marc-Antoine Jamet : \u00ab\u00a0La dict\u00e9e est un instrument de vivre-ensemble. Elle est f\u00e9d\u00e9ratrice. Elle est un monument\u00a0\u00bb, s&rsquo;enflamme-t-il.<\/p>\n\n\n\n<p>Herv\u00e9 Fernandez, directeur g\u00e9n\u00e9ral de l&rsquo;Agence nationale de lutte contre l&rsquo;illettrisme, y voit une mani\u00e8re de lutter contre ce ph\u00e9nom\u00e8ne qui touche 2,5 millions de personnes en France: \u00ab\u00a0cette dict\u00e9e permet de r\u00e9concilier les gens avec les mots de mani\u00e8re ludique, d\u00e9tendue et sans complexe\u00a0\u00bb.<\/p>\n","protected":false},"excerpt":{"rendered":"<p>Un tableau de 102 m\u00e8tres carr\u00e9s, une salle de classe qui en fait 6.600 et pas moins de 1.779 pupitres:<\/p>\n","protected":false},"author":1,"featured_media":13461,"comment_status":"open","ping_status":"open","sticky":false,"template":"","format":"standard","meta":{"footnotes":""},"categories":[51],"tags":[],"class_list":["post-13460","post","type-post","status-publish","format-standard","has-post-thumbnail","hentry","category-general"],"_links":{"self":[{"href":"https:\/\/dekkbi.com\/index.php?rest_route=\/wp\/v2\/posts\/13460","targetHints":{"allow":["GET"]}}],"collection":[{"href":"https:\/\/dekkbi.com\/index.php?rest_route=\/wp\/v2\/posts"}],"about":[{"href":"https:\/\/dekkbi.com\/index.php?rest_route=\/wp\/v2\/types\/post"}],"author":[{"embeddable":true,"href":"https:\/\/dekkbi.com\/index.php?rest_route=\/wp\/v2\/users\/1"}],"replies":[{"embeddable":true,"href":"https:\/\/dekkbi.com\/index.php?rest_route=%2Fwp%2Fv2%2Fcomments&post=13460"}],"version-history":[{"count":1,"href":"https:\/\/dekkbi.com\/index.php?rest_route=\/wp\/v2\/posts\/13460\/revisions"}],"predecessor-version":[{"id":13462,"href":"https:\/\/dekkbi.com\/index.php?rest_route=\/wp\/v2\/posts\/13460\/revisions\/13462"}],"wp:featuredmedia":[{"embeddable":true,"href":"https:\/\/dekkbi.com\/index.php?rest_route=\/wp\/v2\/media\/13461"}],"wp:attachment":[{"href":"https:\/\/dekkbi.com\/index.php?rest_route=%2Fwp%2Fv2%2Fmedia&parent=13460"}],"wp:term":[{"taxonomy":"category","embeddable":true,"href":"https:\/\/dekkbi.com\/index.php?rest_route=%2Fwp%2Fv2%2Fcategories&post=13460"},{"taxonomy":"post_tag","embeddable":true,"href":"https:\/\/dekkbi.com\/index.php?rest_route=%2Fwp%2Fv2%2Ftags&post=13460"}],"curies":[{"name":"wp","href":"https:\/\/api.w.org\/{rel}","templated":true}]}}