{"id":13424,"date":"2023-06-05T12:23:18","date_gmt":"2023-06-05T12:23:18","guid":{"rendered":"https:\/\/dekkbi.com\/?p=13424"},"modified":"2023-06-05T12:23:19","modified_gmt":"2023-06-05T12:23:19","slug":"mamoudou-ibra-kane-president-du-mouvement-demain-cest-maintenant-le-president-macky-sall-doit-rompre-le-silence","status":"publish","type":"post","link":"https:\/\/dekkbi.com\/?p=13424","title":{"rendered":"Mamoudou Ibra Kane, pr\u00e9sident du mouvement \u00abdemain, c\u2019est maintenant !\u00bb : \u00abLe Pr\u00e9sident Macky Sall doit rompre le silence\u00bb"},"content":{"rendered":"\n<p><strong>Le leader du mouvement citoyen \u00abDemain, c\u2019est maintenant\u00bb, Mamoudou Ibra Kane condamne les violentes manifestations qui ont suivi la condamnation du leader du parti Pastef, Ousmane Sonko \u00e0 deux ans de prison ferme et une amende de 600.000 FCFA pour \u00abcorruption de la jeunesse\u00bb et invite le Pr\u00e9sident de la R\u00e9publique, Macky Sall \u00e0 s\u2019adresser aux S\u00e9n\u00e9galais.<\/strong><\/p>\n\n\n\n<p>\u00abNous condamnons cette violence sous toutes ses formes et d\u2019o\u00f9 qu\u2019elle vienne. Nous pensons que le Pr\u00e9sident de la R\u00e9publique Macky Sall doit rompre le silence dans lequel il s\u2019est enferm\u00e9, parler aux s\u00e9n\u00e9galais, les rassurer, surtout prendre les mesures d\u2019apaisement parce qu\u2019il a la responsabilit\u00e9 d\u2019\u00eatre le Chef de l\u2019Etat\u00bb, a d\u00e9clar\u00e9 hier, dimanche 4 juin Mamoudou Ibra Kane sur le plateau de TV5.<\/p>\n\n\n\n<p>Lui qui ne cache pas son \u00e9tonnement quant au verdict de la Chambre criminelle du tribunal de Dakar dans l\u2019affaire de viol opposant Ousmane Sonko \u00e0 l\u2019ex-masseuse Adji Sarr, souligne que le Pr\u00e9sident Macky Sall doit savoir \u00abqu\u2019il n\u2019est plus l\u2019alternative\u00bb.<\/p>\n\n\n\n<p>\u00abJe pense qu\u2019il doit accepter d\u2019ouvrir une p\u00e9riode de transition \u00e0 partir de maintenant jusqu\u2019\u00e0 la prochaine \u00e9lection pr\u00e9sidentielle pr\u00e9vue le 25 f\u00e9vrier 2024\u00bb, a fait savoir le journaliste.<\/p>\n\n\n\n<p>Le leader du mouvement citoyen \u00abDemain, c\u2019est maintenant\u00bb d\u00e9nonce la suspension temporaire d\u2019Internet (mobile) par le gouvernement. \u00abCela nous rappelle des pratiques de r\u00e9gimes qui sont tous sauf d\u00e9mocratiques. \u00abJe crois que le S\u00e9n\u00e9gal ne m\u00e9rite pas cela. Maintenant, nous ne pourrons pas nous avancer en disant que les forces de l\u2019ordre sont responsables de ces tueries. Nous n\u2019avons pas de preuves mais la responsabilit\u00e9 de l\u2019Etat du S\u00e9n\u00e9gal est engag\u00e9e. C\u2019est l\u2019Etat du S\u00e9n\u00e9gal qui doit assurer la s\u00e9curit\u00e9 des personnes et des biens, qui doit veiller \u00e0 ce qu\u2019on pr\u00e9serve la vie des S\u00e9n\u00e9galais\u00bb, a dit Mamoudou Ibra Kane.<\/p>\n\n\n\n<p>Dans un communiqu\u00e9 en date d\u2019hier, le minist\u00e8re de la Communication, des T\u00e9l\u00e9communications et de l\u2019Economie num\u00e9rique a justifi\u00e9 la suspension d\u2019Internet par \u00abla diffusion de messages haineux et subversifs dans un contexte de trouble \u00e0 l\u2019ordre public dans certaines localit\u00e9s du territoire national\u00bb.<\/p>\n\n\n\n<p><strong>L\u2019ONU et la CPI interpell\u00e9es<\/strong><\/p>\n\n\n\n<p>Poursuivant son propos, Mamoudou Ibra Kane est d\u2019avis que \u00abl\u2019ONU et la CPI doivent se saisir de cette question, envoyer imm\u00e9diatement une mission au S\u00e9n\u00e9gal pour que ces tueries cessent mais aussi qu\u2019on situe les responsabilit\u00e9s \u00bb.<\/p>\n\n\n\n<p>Le leader du mouvement citoyen \u00abDemain, c\u2019est maintenant\u00bb salue tout de m\u00eame la tenue d\u2019un dialogue. \u00abLe dialogue qui s\u2019est tenu la veille du verdict est marqu\u00e9 par un ton qui, \u00e0 mon avis, n\u2019\u00e9tait pas celui qu\u2019il fallait. Il y avait eu trop d\u2019arrogance et cela, les S\u00e9n\u00e9galais ne vont plus \u00e0 l\u2019accepter. Nous pr\u00f4nons ce dialogue qu\u2019il se poursuive dans le calme, dans la s\u00e9r\u00e9nit\u00e9, dans la sinc\u00e9rit\u00e9 mais aussi dans la v\u00e9rit\u00e9 pour arriver \u00e0 un processus \u00e9lectoral ouvert, inclusif, d\u00e9mocratique, libre et transparent\u00bb, a laiss\u00e9 entendre Mamoudou Ibra Kane.<\/p>\n\n\n\n<p>\u00abSi vous voulez un mandat, il faudra me le demander, mais dans le respect\u00bb, avait dit en wolof le Pr\u00e9sident Macky Sall, s\u2019adressant \u00e0 l\u2019opposition lors de la c\u00e9r\u00e9monie de lancement du dialogue national mercredi dernier.<\/p>\n\n\n\n<p><strong>Mariame DJIGO<\/strong><\/p>\n","protected":false},"excerpt":{"rendered":"<p>Le leader du mouvement citoyen \u00abDemain, c\u2019est maintenant\u00bb, Mamoudou Ibra Kane condamne les violentes manifestations qui ont suivi la condamnation<\/p>\n","protected":false},"author":1,"featured_media":13425,"comment_status":"open","ping_status":"open","sticky":false,"template":"","format":"standard","meta":{"footnotes":""},"categories":[6],"tags":[],"class_list":["post-13424","post","type-post","status-publish","format-standard","has-post-thumbnail","hentry","category-politics"],"_links":{"self":[{"href":"https:\/\/dekkbi.com\/index.php?rest_route=\/wp\/v2\/posts\/13424","targetHints":{"allow":["GET"]}}],"collection":[{"href":"https:\/\/dekkbi.com\/index.php?rest_route=\/wp\/v2\/posts"}],"about":[{"href":"https:\/\/dekkbi.com\/index.php?rest_route=\/wp\/v2\/types\/post"}],"author":[{"embeddable":true,"href":"https:\/\/dekkbi.com\/index.php?rest_route=\/wp\/v2\/users\/1"}],"replies":[{"embeddable":true,"href":"https:\/\/dekkbi.com\/index.php?rest_route=%2Fwp%2Fv2%2Fcomments&post=13424"}],"version-history":[{"count":1,"href":"https:\/\/dekkbi.com\/index.php?rest_route=\/wp\/v2\/posts\/13424\/revisions"}],"predecessor-version":[{"id":13426,"href":"https:\/\/dekkbi.com\/index.php?rest_route=\/wp\/v2\/posts\/13424\/revisions\/13426"}],"wp:featuredmedia":[{"embeddable":true,"href":"https:\/\/dekkbi.com\/index.php?rest_route=\/wp\/v2\/media\/13425"}],"wp:attachment":[{"href":"https:\/\/dekkbi.com\/index.php?rest_route=%2Fwp%2Fv2%2Fmedia&parent=13424"}],"wp:term":[{"taxonomy":"category","embeddable":true,"href":"https:\/\/dekkbi.com\/index.php?rest_route=%2Fwp%2Fv2%2Fcategories&post=13424"},{"taxonomy":"post_tag","embeddable":true,"href":"https:\/\/dekkbi.com\/index.php?rest_route=%2Fwp%2Fv2%2Ftags&post=13424"}],"curies":[{"name":"wp","href":"https:\/\/api.w.org\/{rel}","templated":true}]}}