{"id":13418,"date":"2023-06-05T12:16:45","date_gmt":"2023-06-05T12:16:45","guid":{"rendered":"https:\/\/dekkbi.com\/?p=13418"},"modified":"2023-06-05T12:16:46","modified_gmt":"2023-06-05T12:16:46","slug":"violences-meurtrieres-les-1-au-2-juin-la-police-annonce-16-morts-et-larrestation-detrangers","status":"publish","type":"post","link":"https:\/\/dekkbi.com\/?p=13418","title":{"rendered":"Violences meurtri\u00e8res les 1 au 2 juin : la police annonce 16 morts et l\u2019arrestation d\u2019\u00e9trangers"},"content":{"rendered":"\n<p><strong>Suite aux violentes manifestations meurtri\u00e8res li\u00e9es au verdict de la chambre criminelle condamnant Ousmane Sonko, \u00e0 2 ans de prison ferme, dans l\u2019affaire Sweet Beauty, la police nationale a fait face \u00e0 la presse pour faire le point sur la situation des deux jours d\u2019affrontements entre manifestants et forces de s\u00e9curit\u00e9. En effet, sur les cinq cent personnes appr\u00e9hend\u00e9es la police a annonc\u00e9 la pr\u00e9sence des personnes de nationalit\u00e9 \u00e9trang\u00e8res. Le directeur de la s\u00e9curit\u00e9 publique a \u00e9galement rassur\u00e9 que le calme et la tranquillit\u00e9 sont de retour.<\/strong><\/p>\n\n\n\n<p>Le directeur de la s\u00e9curit\u00e9 publique a fait face \u00e0 la presse hier, dimanche 4 juin pour faire le point sur la situation des deux jours de manifestations. Selon le commissaire divisionnaire, Ibrahima Diop \u00ables personnes appr\u00e9hend\u00e9es au cours de ces \u00e9v\u00e9nements sont principalement des individus arm\u00e9s et dangereux. A ce jour, 500 individus ont \u00e9t\u00e9 interpell\u00e9s. Parmi des personnes arr\u00eat\u00e9es, nous avons enregistr\u00e9 \u00e9galement des mineurs et des personnes de nationalit\u00e9 \u00e9trang\u00e8res.\u00bb<\/p>\n\n\n\n<p>A l\u2019en croire \u00abla majorit\u00e9 de ces personnes arr\u00eat\u00e9es \u00e9taient en possession de cocktails Molotov, d\u2019armes blanches, d\u2019armes \u00e0 feu de gros calibres. Les forces de s\u00e9curit\u00e9 ont fait face \u00e0 des manifestants violents qui ne cherchent pas \u00e0 exprimer des opinions mais qui ne sont plut\u00f4t engag\u00e9s dans des activit\u00e9s subversives.\u00bb<\/p>\n\n\n\n<p>Ainsi, \u00abdes actions not\u00e9es ont vis\u00e9 des infrastructures essentielles de l\u2019Etat telles que les usines de production d\u2019eau et d\u2019\u00e9lectricit\u00e9, les transports publics ainsi que des domiciles de commerces et banques&nbsp;\u00bb, a indiqu\u00e9 le directeur de la s\u00e9curit\u00e9 publique.<\/p>\n\n\n\n<p>D\u2019apr\u00e8s le commissaire divisionnaire \u00abl\u2019objectif de ces attaques est de perturber l\u2019activit\u00e9 \u00e9conomique du pays et d\u2019instaurer un climat de terreur parmi nos concitoyens.\u00bb Il en veut pour preuve, le fonctionnaire de police qui a \u00e9t\u00e9 pris \u00e0 parti par les manifestants, et qui d\u2019apr\u00e8s lui \u00abest un officier de police qui a refus\u00e9 d\u2019utiliser son arme quand il s\u2019est rendu compte qu\u2019il \u00e9tait en face de mineurs, alors qu\u2019il \u00e9tait dans les conditions l\u00e9gales de se d\u00e9fendre conform\u00e9ment \u00e0 la loi.&nbsp;\u00bb<\/p>\n\n\n\n<p>Sous ce rapport le commissaire Ibrahima Diop dira&nbsp;: \u00abNous appelons tous les citoyens \u00e0 rester vigilants. Nous exprimons notre gratitude envers les S\u00e9n\u00e9galais qui collaborent d\u00e9j\u00e0 avec les forces de d\u00e9fense et de s\u00e9curit\u00e9 pour assurer la tranquillit\u00e9 et la qui\u00e9tude de nos concitoyens et prot\u00e9ger la R\u00e9publique. Nous les encourageons aussi \u00e0 signaler toute activit\u00e9 suspecte ou toute pr\u00e9sence inhabituelle aux forces de s\u00e9curit\u00e9\u00bb.<\/p>\n\n\n\n<p>Par ailleurs, il a assur\u00e9 que la situation est revenue au calme et \u00e0 la tranquillit\u00e9. \u00abSeules certaines zones ont \u00e9t\u00e9 affect\u00e9es sur le plan \u00e9conomique, dans les deux r\u00e9gions que sont Dakar et Ziguinchor. La situation est maitris\u00e9e. La situation est revenue au calme et \u00e0 la tranquillit\u00e9.&nbsp;\u00bb<\/p>\n\n\n\n<p>M. Diop a pr\u00e9sent\u00e9 ses condol\u00e9ances aux familles \u00e9plor\u00e9es avant de souhaiter un prompt r\u00e9tablissement \u00e0 tous les bless\u00e9s. \u00abAu cours des derniers jours, nous avons malheureusement enregistr\u00e9 un total de 16 d\u00e9c\u00e8s dont un survenu hier soir (samedi, Ndlr). De nombreux bless\u00e9s et des dommages mat\u00e9riels ont \u00e9t\u00e9 enregistr\u00e9s. Nous pr\u00e9sentons nos sinc\u00e8res condol\u00e9ances aux familles \u00e9plor\u00e9es qui ont perdu des proches. Nous souhaitons un prompt r\u00e9tablissement aux personnes bless\u00e9es lors de ces \u00e9v\u00e9nements. Nous exprimons aussi toute notre solidarit\u00e9 les individus et les communaut\u00e9s affect\u00e9s par ces troubles\u00bb, a-t-il relev\u00e9.<\/p>\n\n\n\n<p><strong>O.GOUDIABY<\/strong><\/p>\n\n\n\n<p>SUDQUOTIDIEN<\/p>\n","protected":false},"excerpt":{"rendered":"<p>Suite aux violentes manifestations meurtri\u00e8res li\u00e9es au verdict de la chambre criminelle condamnant Ousmane Sonko, \u00e0 2 ans de prison<\/p>\n","protected":false},"author":1,"featured_media":13419,"comment_status":"open","ping_status":"open","sticky":false,"template":"","format":"standard","meta":{"footnotes":""},"categories":[6],"tags":[],"class_list":["post-13418","post","type-post","status-publish","format-standard","has-post-thumbnail","hentry","category-politics"],"_links":{"self":[{"href":"https:\/\/dekkbi.com\/index.php?rest_route=\/wp\/v2\/posts\/13418","targetHints":{"allow":["GET"]}}],"collection":[{"href":"https:\/\/dekkbi.com\/index.php?rest_route=\/wp\/v2\/posts"}],"about":[{"href":"https:\/\/dekkbi.com\/index.php?rest_route=\/wp\/v2\/types\/post"}],"author":[{"embeddable":true,"href":"https:\/\/dekkbi.com\/index.php?rest_route=\/wp\/v2\/users\/1"}],"replies":[{"embeddable":true,"href":"https:\/\/dekkbi.com\/index.php?rest_route=%2Fwp%2Fv2%2Fcomments&post=13418"}],"version-history":[{"count":1,"href":"https:\/\/dekkbi.com\/index.php?rest_route=\/wp\/v2\/posts\/13418\/revisions"}],"predecessor-version":[{"id":13420,"href":"https:\/\/dekkbi.com\/index.php?rest_route=\/wp\/v2\/posts\/13418\/revisions\/13420"}],"wp:featuredmedia":[{"embeddable":true,"href":"https:\/\/dekkbi.com\/index.php?rest_route=\/wp\/v2\/media\/13419"}],"wp:attachment":[{"href":"https:\/\/dekkbi.com\/index.php?rest_route=%2Fwp%2Fv2%2Fmedia&parent=13418"}],"wp:term":[{"taxonomy":"category","embeddable":true,"href":"https:\/\/dekkbi.com\/index.php?rest_route=%2Fwp%2Fv2%2Fcategories&post=13418"},{"taxonomy":"post_tag","embeddable":true,"href":"https:\/\/dekkbi.com\/index.php?rest_route=%2Fwp%2Fv2%2Ftags&post=13418"}],"curies":[{"name":"wp","href":"https:\/\/api.w.org\/{rel}","templated":true}]}}