{"id":13399,"date":"2023-06-04T12:01:08","date_gmt":"2023-06-04T12:01:08","guid":{"rendered":"https:\/\/dekkbi.com\/?p=13399"},"modified":"2023-06-04T12:01:09","modified_gmt":"2023-06-04T12:01:09","slug":"le-pere-de-sanda-dia-critique-vivement-lattitude-de-la-ku-leuven","status":"publish","type":"post","link":"https:\/\/dekkbi.com\/?p=13399","title":{"rendered":"Le p\u00e8re de Sanda Dia critique vivement l&rsquo;attitude de la KU Leuven"},"content":{"rendered":"\n<p>Ousmane Dia, le p\u00e8re de Sanda, d\u00e9c\u00e9d\u00e9 lors d\u2019un bapt\u00eame du cercle estudiantin Reuzegom, a vivement critiqu\u00e9 la KU Leuven dans une interview publi\u00e9e samedi par Humo. \u201cLa KU Leuven est responsable du fait que la v\u00e9rit\u00e9 ne remonte pas \u00e0 la surface\u201d, a-t-il d\u00e9clar\u00e9.<\/p>\n\n\n\n<p>Ousmane Dia, dans une interview conjointe avec Makemu Meunier, la grand-m\u00e8re de Sanda, et l\u2019avocat Sven Mary, s\u2019est dit \u201cprofond\u00e9ment d\u00e9\u00e7u\u201d par la d\u00e9cision de la justice. \u201cSanda \u00e9tait mon fils, mon seul fils. Ils me l\u2019ont enlev\u00e9. Et maintenant, le tribunal m\u2019a aussi gifl\u00e9. Sanda n\u2019a pas re\u00e7u le respect qu\u2019il m\u00e9ritait\u201d.<\/p>\n\n\n\n<p>Le p\u00e8re de la victime n\u2019est pas non plus satisfait de la r\u00e9action de la KU Leuven et de son recteur Luc Sels. \u201cLorsqu\u2019un \u00e9tudiant de votre universit\u00e9 meurt, en tant que recteur, vous devez chercher \u00e0 savoir ce qui s\u2019est pass\u00e9, me semble-t-il. Vous tenez les personnes impliqu\u00e9es responsables de leurs actes, vous intervenez de mani\u00e8re d\u00e9cisive. Luc Sels n\u2019a pas fait cela\u201d.Ce dernier aurait d\u00fb expulser les membres du Reuzegom de son universit\u00e9, a poursuivi M. Dia. \u201cIl aurait d\u00fb les menacer d\u2019arr\u00eater leurs \u00e9tudes. Les gar\u00e7ons qui ont tout vu mais qui ne sont pas responsables de la mort de Sanda se seraient alors exprim\u00e9s. Il ne s\u2019est pas non plus port\u00e9 partie civile, ce qui lui aurait permis d\u2019avoir acc\u00e8s \u00e0 toutes les informations contenues dans le dossier judiciaire. Il a tranquillement laiss\u00e9 faire les gar\u00e7ons. (&#8230;) La KU Leuven est responsable du fait que la v\u00e9rit\u00e9 n\u2019a pas \u00e9t\u00e9 r\u00e9v\u00e9l\u00e9e, m\u00eame lors du proc\u00e8s\u201d, a-t-il ajout\u00e9.Selon le p\u00e8re de Sanda, son fils a \u00e9t\u00e9 point\u00e9 du doigt en raison de sa couleur. \u201cLes gens me prouveront que j\u2019ai tort et feront r\u00e9f\u00e9rence \u00e0 cet autre gar\u00e7on de couleur dans le cercle. Mais je dis, en tant que p\u00e8re, ce que je ressens au plus profond de mon c\u0153ur: Reuzegom, un club d\u2019\u00e9tudiants \u00e9lististe, a fait entrer avec Sanda quelqu\u2019un qui ne correspondait pas \u00e0 son standing. Son p\u00e8re n\u2019avait pas de jardin, pas d\u2019all\u00e9e, pas de maison \u00e0 lui. Sanda \u00e9tait trop petit pour eux: \u201cTout le monde ne peut pas devenir un G\u00e9ant\u201d. Et ils voulaient le prouver\u201d, a-t-il conclu.<\/p>\n","protected":false},"excerpt":{"rendered":"<p>Ousmane Dia, le p\u00e8re de Sanda, d\u00e9c\u00e9d\u00e9 lors d\u2019un bapt\u00eame du cercle estudiantin Reuzegom, a vivement critiqu\u00e9 la KU Leuven<\/p>\n","protected":false},"author":1,"featured_media":13400,"comment_status":"open","ping_status":"open","sticky":false,"template":"","format":"standard","meta":{"footnotes":""},"categories":[26],"tags":[],"class_list":["post-13399","post","type-post","status-publish","format-standard","has-post-thumbnail","hentry","category-fait-divers"],"_links":{"self":[{"href":"https:\/\/dekkbi.com\/index.php?rest_route=\/wp\/v2\/posts\/13399","targetHints":{"allow":["GET"]}}],"collection":[{"href":"https:\/\/dekkbi.com\/index.php?rest_route=\/wp\/v2\/posts"}],"about":[{"href":"https:\/\/dekkbi.com\/index.php?rest_route=\/wp\/v2\/types\/post"}],"author":[{"embeddable":true,"href":"https:\/\/dekkbi.com\/index.php?rest_route=\/wp\/v2\/users\/1"}],"replies":[{"embeddable":true,"href":"https:\/\/dekkbi.com\/index.php?rest_route=%2Fwp%2Fv2%2Fcomments&post=13399"}],"version-history":[{"count":1,"href":"https:\/\/dekkbi.com\/index.php?rest_route=\/wp\/v2\/posts\/13399\/revisions"}],"predecessor-version":[{"id":13401,"href":"https:\/\/dekkbi.com\/index.php?rest_route=\/wp\/v2\/posts\/13399\/revisions\/13401"}],"wp:featuredmedia":[{"embeddable":true,"href":"https:\/\/dekkbi.com\/index.php?rest_route=\/wp\/v2\/media\/13400"}],"wp:attachment":[{"href":"https:\/\/dekkbi.com\/index.php?rest_route=%2Fwp%2Fv2%2Fmedia&parent=13399"}],"wp:term":[{"taxonomy":"category","embeddable":true,"href":"https:\/\/dekkbi.com\/index.php?rest_route=%2Fwp%2Fv2%2Fcategories&post=13399"},{"taxonomy":"post_tag","embeddable":true,"href":"https:\/\/dekkbi.com\/index.php?rest_route=%2Fwp%2Fv2%2Ftags&post=13399"}],"curies":[{"name":"wp","href":"https:\/\/api.w.org\/{rel}","templated":true}]}}