{"id":13385,"date":"2023-06-04T11:39:49","date_gmt":"2023-06-04T11:39:49","guid":{"rendered":"https:\/\/dekkbi.com\/?p=13385"},"modified":"2023-06-04T11:39:50","modified_gmt":"2023-06-04T11:39:50","slug":"2015-le-senegal-adopte-sa-premiere-loi-interdisant-les-sacs-plastiques-une-lutte-de-longue-haleine-lememo","status":"publish","type":"post","link":"https:\/\/dekkbi.com\/?p=13385","title":{"rendered":"2015 &#8211; Le S\u00e9n\u00e9gal adopte sa premi\u00e8re loi interdisant les sacs plastiques, une lutte de longue haleine [LeM\u00e9mo]"},"content":{"rendered":"\n<p>Alors que la Journ\u00e9e de l&rsquo;environnement se tient ce 5 juin et que le sommet mondial \u00e0 Paris sur la pollution plastique se termine, des pays africains tentent d&rsquo;agir depuis de nombreuses ann\u00e9es pour \u00e9radiquer le plastique. En avril 2015, le S\u00e9n\u00e9gal adopte une loi interdisant les sachets et favorisant la fili\u00e8re du recyclage. Maud Roubeaud est all\u00e9e \u00e0 la rencontre des acteurs de la fili\u00e8re du recyclage et des responsables politiques plein d&rsquo;ambition et d&rsquo;enthousiasme. Pourtant, faute d&rsquo;application de cette l\u00e9gislation, la pollution due aux sacs et autres d\u00e9chets plastiques perdure et les cons\u00e9quences sont d\u00e9sastreuses sur l&rsquo;environnement. Reportage.<\/p>\n","protected":false},"excerpt":{"rendered":"<p>Alors que la Journ\u00e9e de l&rsquo;environnement se tient ce 5 juin et que le sommet mondial \u00e0 Paris sur la<\/p>\n","protected":false},"author":1,"featured_media":13258,"comment_status":"open","ping_status":"open","sticky":false,"template":"","format":"standard","meta":{"footnotes":""},"categories":[3],"tags":[],"class_list":["post-13385","post","type-post","status-publish","format-standard","has-post-thumbnail","hentry","category-event-more-news"],"_links":{"self":[{"href":"https:\/\/dekkbi.com\/index.php?rest_route=\/wp\/v2\/posts\/13385","targetHints":{"allow":["GET"]}}],"collection":[{"href":"https:\/\/dekkbi.com\/index.php?rest_route=\/wp\/v2\/posts"}],"about":[{"href":"https:\/\/dekkbi.com\/index.php?rest_route=\/wp\/v2\/types\/post"}],"author":[{"embeddable":true,"href":"https:\/\/dekkbi.com\/index.php?rest_route=\/wp\/v2\/users\/1"}],"replies":[{"embeddable":true,"href":"https:\/\/dekkbi.com\/index.php?rest_route=%2Fwp%2Fv2%2Fcomments&post=13385"}],"version-history":[{"count":1,"href":"https:\/\/dekkbi.com\/index.php?rest_route=\/wp\/v2\/posts\/13385\/revisions"}],"predecessor-version":[{"id":13386,"href":"https:\/\/dekkbi.com\/index.php?rest_route=\/wp\/v2\/posts\/13385\/revisions\/13386"}],"wp:featuredmedia":[{"embeddable":true,"href":"https:\/\/dekkbi.com\/index.php?rest_route=\/wp\/v2\/media\/13258"}],"wp:attachment":[{"href":"https:\/\/dekkbi.com\/index.php?rest_route=%2Fwp%2Fv2%2Fmedia&parent=13385"}],"wp:term":[{"taxonomy":"category","embeddable":true,"href":"https:\/\/dekkbi.com\/index.php?rest_route=%2Fwp%2Fv2%2Fcategories&post=13385"},{"taxonomy":"post_tag","embeddable":true,"href":"https:\/\/dekkbi.com\/index.php?rest_route=%2Fwp%2Fv2%2Ftags&post=13385"}],"curies":[{"name":"wp","href":"https:\/\/api.w.org\/{rel}","templated":true}]}}