{"id":13382,"date":"2023-06-04T11:36:08","date_gmt":"2023-06-04T11:36:08","guid":{"rendered":"https:\/\/dekkbi.com\/?p=13382"},"modified":"2023-06-04T11:36:09","modified_gmt":"2023-06-04T11:36:09","slug":"centrafrique-pourquoi-lopposition-denonce-un-coup-detat-constitutionnel","status":"publish","type":"post","link":"https:\/\/dekkbi.com\/?p=13382","title":{"rendered":"Centrafrique : pourquoi l&rsquo;opposition d\u00e9nonce un \u00ab\u00a0coup d&rsquo;\u00c9tat constitutionnel\u00a0\u00bb ?"},"content":{"rendered":"\n<p>Faut-il changer la Constitution de 2016 en R\u00e9publique centrafricaine ? Le pr\u00e9sident Faustin Archange Touad\u00e9ra a tranch\u00e9, le 30 mai, en annon\u00e7ant un r\u00e9f\u00e9rendum pr\u00e9vu le 30 juillet sur un nouveau projet de Loi fondamentale. Un r\u00e9f\u00e9rendum \u00ab\u00a0ill\u00e9gal\u00a0\u00bb selon l&rsquo;opposition qui d\u00e9nonce une tentative du chef de l&rsquo;\u00c9tat de briguer un troisi\u00e8me mandat. <\/p>\n\n\n\n<p>Le peuple est au-dessus de la Constitution. Pr\u00e9sident d\u00e9mocratiquement \u00e9lu, je ne peux rester insensible aux demandes pressantes et l\u00e9gitimes du peuple souverain de doter notre pays d\u2019une nouvelle Constitution\u00a0\u00bb. C\u2019est par ces mots, dans un message vid\u00e9o diffus\u00e9 sur les r\u00e9seaux sociaux le 30 mai, que le chef de l\u2019Etat centrafricain Faustin Archanhe Touad\u00e9ra justifie sa d\u00e9cision d\u2019organiser un r\u00e9f\u00e9rendum constitutionnel, le 30 juillet 2023.<\/p>\n\n\n\n<p>L\u2019annonce, qui se veut solennelle, n\u2019a surpris personne. En revanche, elle a suscit\u00e9 une vague de condamnations dans l\u2019opposition centrafricaine qui d\u00e9nonce une volont\u00e9 du chef de l\u2019Etat de briguer un troisi\u00e8me mandat de cinq ans en 2025, ce que lui interdit l\u2019actuelle Constitution dat\u00e9e du 30 mars 2016, dans un contexte de guerre civile meurtri\u00e8re. Cette Constitution est celle sur laquelle le pr\u00e9sident Touad\u00e9ra a pr\u00eat\u00e9 serment la m\u00eame ann\u00e9e, lors de son premier mandat, comme il le rappelle lui-m\u00eame, puis en 2020 pour son second mandat.<\/p>\n","protected":false},"excerpt":{"rendered":"<p>Faut-il changer la Constitution de 2016 en R\u00e9publique centrafricaine ? Le pr\u00e9sident Faustin Archange Touad\u00e9ra a tranch\u00e9, le 30 mai,<\/p>\n","protected":false},"author":1,"featured_media":13383,"comment_status":"open","ping_status":"open","sticky":false,"template":"","format":"standard","meta":{"footnotes":""},"categories":[51],"tags":[],"class_list":["post-13382","post","type-post","status-publish","format-standard","has-post-thumbnail","hentry","category-general"],"_links":{"self":[{"href":"https:\/\/dekkbi.com\/index.php?rest_route=\/wp\/v2\/posts\/13382","targetHints":{"allow":["GET"]}}],"collection":[{"href":"https:\/\/dekkbi.com\/index.php?rest_route=\/wp\/v2\/posts"}],"about":[{"href":"https:\/\/dekkbi.com\/index.php?rest_route=\/wp\/v2\/types\/post"}],"author":[{"embeddable":true,"href":"https:\/\/dekkbi.com\/index.php?rest_route=\/wp\/v2\/users\/1"}],"replies":[{"embeddable":true,"href":"https:\/\/dekkbi.com\/index.php?rest_route=%2Fwp%2Fv2%2Fcomments&post=13382"}],"version-history":[{"count":1,"href":"https:\/\/dekkbi.com\/index.php?rest_route=\/wp\/v2\/posts\/13382\/revisions"}],"predecessor-version":[{"id":13384,"href":"https:\/\/dekkbi.com\/index.php?rest_route=\/wp\/v2\/posts\/13382\/revisions\/13384"}],"wp:featuredmedia":[{"embeddable":true,"href":"https:\/\/dekkbi.com\/index.php?rest_route=\/wp\/v2\/media\/13383"}],"wp:attachment":[{"href":"https:\/\/dekkbi.com\/index.php?rest_route=%2Fwp%2Fv2%2Fmedia&parent=13382"}],"wp:term":[{"taxonomy":"category","embeddable":true,"href":"https:\/\/dekkbi.com\/index.php?rest_route=%2Fwp%2Fv2%2Fcategories&post=13382"},{"taxonomy":"post_tag","embeddable":true,"href":"https:\/\/dekkbi.com\/index.php?rest_route=%2Fwp%2Fv2%2Ftags&post=13382"}],"curies":[{"name":"wp","href":"https:\/\/api.w.org\/{rel}","templated":true}]}}