{"id":13376,"date":"2023-06-04T10:47:23","date_gmt":"2023-06-04T10:47:23","guid":{"rendered":"https:\/\/dekkbi.com\/?p=13376"},"modified":"2023-06-04T10:47:23","modified_gmt":"2023-06-04T10:47:23","slug":"tensions-politiques-les-activites-sportives-a-larret","status":"publish","type":"post","link":"https:\/\/dekkbi.com\/?p=13376","title":{"rendered":"Tensions politiques : Les activit\u00e9s sportives \u00e0 l\u2019arr\u00eat"},"content":{"rendered":"\n<p>Les violentes manifestations qui gangr\u00e8nent le S\u00e9n\u00e9gal depuis le verdict du proc\u00e8s Ousmane Sonko \u2013 Adji Sarr paralysent le pays dans les tous les domaines. Celui du sport ne d\u00e9roge pas \u00e0 la r\u00e8gle. La Ligue s\u00e9n\u00e9galaise de football professionnel (Lsfp) a report\u00e9 jusqu\u2019\u00e0 une date ult\u00e9rieure la tenue de ses activit\u00e9s sportives en raison des sc\u00e8nes de violence meurtri\u00e8res qui ont fait 9 morts vendredi et qui se poursuivent toujours.<\/p>\n\n\n\n<p>D\u2019apr\u00e8s Bes Bi, l\u2019instance dirigeante du football pro l\u2019a fait savoir via un communiqu\u00e9 publi\u00e9 dans la matin\u00e9e. \u00abEn raison des risques d\u2019insuffisance de service d\u2019ordre pour couvrir nos comp\u00e9titions et des \u00e9ventuelles difficult\u00e9s de d\u00e9placement de nos \u00e9quipes, li\u00e9es \u00e0 la situation politique du moment, tous les matchs de L1 et L2 programm\u00e9s le Samedi 03, le Dimanche 04 et le Lundi 05 Juin sont report\u00e9s \u00e0 une date ult\u00e9rieure\u00bb, lit-on dans le communiqu\u00e9 publi\u00e9 par la Ligue pro.Bes Bi ajoute que le rugby va embo\u00eeter le pas au football avec la d\u00e9cision de la F\u00e9d\u00e9ration s\u00e9n\u00e9galaise de rugby (Fsr) de reporter la finale de la Coupe du S\u00e9n\u00e9gal pr\u00e9vue ce samedi, \u00aben raison de la tension sociopolitique qui r\u00e8gne \u00e0 Dakar\u00bb. Elle devait opposer au stade Iba Mar Diop l\u2019\u00e9quipe de l\u2019Asfa \u00e0 celle de Kir\u00e8ne.Et la lutte pourrait \u00e9galement suivre. Le Pr\u00e9sident du CNG, Bira S\u00e8ne pourrait prendre une d\u00e9cision pour voire la tenue ou non des galas pr\u00e9vus ce week-end. L\u2019absence de services d\u2019ordre pourrait conduire \u00e0 un report de toutes les activit\u00e9s comme c\u2019est le cas dans les autres disciplines.<\/p>\n","protected":false},"excerpt":{"rendered":"<p>Les violentes manifestations qui gangr\u00e8nent le S\u00e9n\u00e9gal depuis le verdict du proc\u00e8s Ousmane Sonko \u2013 Adji Sarr paralysent le pays<\/p>\n","protected":false},"author":1,"featured_media":13377,"comment_status":"open","ping_status":"open","sticky":false,"template":"","format":"standard","meta":{"footnotes":""},"categories":[9],"tags":[],"class_list":["post-13376","post","type-post","status-publish","format-standard","has-post-thumbnail","hentry","category-sports"],"_links":{"self":[{"href":"https:\/\/dekkbi.com\/index.php?rest_route=\/wp\/v2\/posts\/13376","targetHints":{"allow":["GET"]}}],"collection":[{"href":"https:\/\/dekkbi.com\/index.php?rest_route=\/wp\/v2\/posts"}],"about":[{"href":"https:\/\/dekkbi.com\/index.php?rest_route=\/wp\/v2\/types\/post"}],"author":[{"embeddable":true,"href":"https:\/\/dekkbi.com\/index.php?rest_route=\/wp\/v2\/users\/1"}],"replies":[{"embeddable":true,"href":"https:\/\/dekkbi.com\/index.php?rest_route=%2Fwp%2Fv2%2Fcomments&post=13376"}],"version-history":[{"count":1,"href":"https:\/\/dekkbi.com\/index.php?rest_route=\/wp\/v2\/posts\/13376\/revisions"}],"predecessor-version":[{"id":13378,"href":"https:\/\/dekkbi.com\/index.php?rest_route=\/wp\/v2\/posts\/13376\/revisions\/13378"}],"wp:featuredmedia":[{"embeddable":true,"href":"https:\/\/dekkbi.com\/index.php?rest_route=\/wp\/v2\/media\/13377"}],"wp:attachment":[{"href":"https:\/\/dekkbi.com\/index.php?rest_route=%2Fwp%2Fv2%2Fmedia&parent=13376"}],"wp:term":[{"taxonomy":"category","embeddable":true,"href":"https:\/\/dekkbi.com\/index.php?rest_route=%2Fwp%2Fv2%2Fcategories&post=13376"},{"taxonomy":"post_tag","embeddable":true,"href":"https:\/\/dekkbi.com\/index.php?rest_route=%2Fwp%2Fv2%2Ftags&post=13376"}],"curies":[{"name":"wp","href":"https:\/\/api.w.org\/{rel}","templated":true}]}}