{"id":13348,"date":"2023-06-04T09:11:07","date_gmt":"2023-06-04T09:11:07","guid":{"rendered":"https:\/\/dekkbi.com\/?p=13348"},"modified":"2023-06-04T09:11:08","modified_gmt":"2023-06-04T09:11:08","slug":"emeutes-au-senegal-le-ministre-de-linterieur-parle-dactes-terroristes","status":"publish","type":"post","link":"https:\/\/dekkbi.com\/?p=13348","title":{"rendered":"\u00c9meutes au S\u00e9n\u00e9gal \/ le ministre de l&rsquo;int\u00e9rieur parle d&rsquo;actes terroristes"},"content":{"rendered":"\n<p>Le ministre de l&rsquo;int\u00e9rieur, Antoine F\u00e9lix Abdoulaye Diome dans une \u00e9dition sp\u00e9ciale de la Tfm a fait savoir que l&rsquo;\u00c9tat ne va pas reculer devant ces pillages et manifestations. Il persiste comme en 2021, les manifestants sont infiltr\u00e9s par des forces occultes. \u00a0\u00bb Les manifestants se sont d\u00e9lib\u00e9r\u00e9ment attaqu\u00e9s \u00e0 des installations n\u00e9vralgiques de notre pays\u00a0\u00bb d\u00e9nonce le ministre.Cependant, il pr\u00e9vient en ses termes \u00a0\u00bb le reste, nous en occuperons en faisant face aux forces occultes dont j&rsquo;avais fait allusion en mars 2021. Malheureusement quand j&rsquo;en avais parl\u00e9, beaucoup de personnes s&rsquo;en \u00e9taient offusqu\u00e9es en disant que c&rsquo;\u00e9tait pour caricaturer pour critiquer dans le mauvais sens une cat\u00e9gorie de citoyens.Les faits ult\u00e9rieurs semblent ouvrir les yeux des citoyens les plus sceptiques. Ceux qui veulent mettre l&rsquo;\u00c9tat ou la R\u00e9publique \u00e0 terre, l&rsquo;\u00c9tat prendra toutes ses responsabilit\u00e9s pour y faire face et les mettra hors d&rsquo;\u00e9tat de nuire. Avec ceux qui ont le sens  de l&rsquo;\u00c9tat, qui ont le sens du devoir R\u00e9publicain, nous devrons trouver les solutions qui nous permettraient d&rsquo;avoir tout ce qui a \u00e9t\u00e9 promis dans les politiques publiques legu\u00e9es par tous les pr\u00e9sidents\u00a0\u00bb.L&rsquo;attaque de l&rsquo;usine de Diender a \u00e9t\u00e9 \u00e9voqu\u00e9 par le ministre. \u00a0\u00bb Ils veulent cr\u00e9er des \u00e9meutes. Ceux qui sont derri\u00e8re ces actes veulent terroriser la population. Je vous rassure que l&rsquo;\u00c9tat fera face. Je vous rassure que tout ce que l&rsquo;\u00c9tat devra faire pour les emp\u00eacher d&rsquo;arriver \u00e0 leur fin, l&rsquo;\u00c9tat le fera. C&rsquo;est pour cette raison que la plupart de leur entreprise a \u00e9chou\u00e9.  Si leur entreprise de l&rsquo;attaque de l&rsquo;usine de Diender avait r\u00e9ussi, c&rsquo;est toute la capitale qui sera priv\u00e9 d&rsquo;eau et d&rsquo;\u00e9lectricit\u00e9. C&rsquo;est \u00e7a l&rsquo;objectif, qu&rsquo;il n&rsquo;y ait pas de commerce, qu&rsquo;il n&rsquo;y ait de transport, pas d&rsquo;\u00e9coles, qu&rsquo;il n&rsquo;y ait aucune activit\u00e9 \u00e9conomique. Cela nous ne l&rsquo;accepterons jamais\u00a0\u00bb conclut le ministre de l&rsquo;int\u00e9rieur.<\/p>\n","protected":false},"excerpt":{"rendered":"<p>Le ministre de l&rsquo;int\u00e9rieur, Antoine F\u00e9lix Abdoulaye Diome dans une \u00e9dition sp\u00e9ciale de la Tfm a fait savoir que l&rsquo;\u00c9tat<\/p>\n","protected":false},"author":1,"featured_media":13237,"comment_status":"open","ping_status":"open","sticky":false,"template":"","format":"standard","meta":{"footnotes":""},"categories":[6],"tags":[],"class_list":["post-13348","post","type-post","status-publish","format-standard","has-post-thumbnail","hentry","category-politics"],"_links":{"self":[{"href":"https:\/\/dekkbi.com\/index.php?rest_route=\/wp\/v2\/posts\/13348","targetHints":{"allow":["GET"]}}],"collection":[{"href":"https:\/\/dekkbi.com\/index.php?rest_route=\/wp\/v2\/posts"}],"about":[{"href":"https:\/\/dekkbi.com\/index.php?rest_route=\/wp\/v2\/types\/post"}],"author":[{"embeddable":true,"href":"https:\/\/dekkbi.com\/index.php?rest_route=\/wp\/v2\/users\/1"}],"replies":[{"embeddable":true,"href":"https:\/\/dekkbi.com\/index.php?rest_route=%2Fwp%2Fv2%2Fcomments&post=13348"}],"version-history":[{"count":1,"href":"https:\/\/dekkbi.com\/index.php?rest_route=\/wp\/v2\/posts\/13348\/revisions"}],"predecessor-version":[{"id":13349,"href":"https:\/\/dekkbi.com\/index.php?rest_route=\/wp\/v2\/posts\/13348\/revisions\/13349"}],"wp:featuredmedia":[{"embeddable":true,"href":"https:\/\/dekkbi.com\/index.php?rest_route=\/wp\/v2\/media\/13237"}],"wp:attachment":[{"href":"https:\/\/dekkbi.com\/index.php?rest_route=%2Fwp%2Fv2%2Fmedia&parent=13348"}],"wp:term":[{"taxonomy":"category","embeddable":true,"href":"https:\/\/dekkbi.com\/index.php?rest_route=%2Fwp%2Fv2%2Fcategories&post=13348"},{"taxonomy":"post_tag","embeddable":true,"href":"https:\/\/dekkbi.com\/index.php?rest_route=%2Fwp%2Fv2%2Ftags&post=13348"}],"curies":[{"name":"wp","href":"https:\/\/api.w.org\/{rel}","templated":true}]}}