{"id":13344,"date":"2023-06-04T09:06:17","date_gmt":"2023-06-04T09:06:17","guid":{"rendered":"https:\/\/dekkbi.com\/?p=13344"},"modified":"2023-06-04T09:06:18","modified_gmt":"2023-06-04T09:06:18","slug":"tensions-au-senegal-barthelemy-dias-joue-la-carte-de-la-mediation","status":"publish","type":"post","link":"https:\/\/dekkbi.com\/?p=13344","title":{"rendered":"Tensions au S\u00e9n\u00e9gal\/ Barth\u00e9l\u00e9my Dias joue la carte de la m\u00e9diation\u00a0"},"content":{"rendered":"\n<p>\u00ab J\u2019interpelle le Pr\u00e9sident Macky Sall \u00e0 clarifier sa position sur le 3e mandat et j\u2019invite les membres de Yewwi \u00e0 la responsabilit\u00e9\u2026 \u00bb<\/p>\n\n\n\n<p>C\u2019est avec le c\u0153ur meurtri que le maire de la ville de Dakar s\u2019est exprim\u00e9 sur les tensions qui ont \u00e9clat\u00e9 dans le pays depuis jeudi. Barth\u00e9lemy Dias au discours franc, appelle le Pr\u00e9sident Macky Sall \u00e0 renoncer \u00e0 un possible mandat pour 2024. \u00ab J\u2019interpelle le pr\u00e9sident de la R\u00e9publique directement. Il n\u2019y a pas de probl\u00e8me juridique concernant les hommes politiques. Ce dont il s\u2019agit, c\u2019est la volont\u00e9 d\u2019un homme qui est en train de s\u2019abattre sur d\u2019honn\u00eates  citoyens et leaders politiques qui n\u2019ont peut-\u00eatre commis qu\u2019un seul crime, c\u2019est de nourrir l\u2019ambition de servir leur pays. Ce qui n\u2019est pas honorable dans une r\u00e9publique. Je prends l\u2019opinion nationale et internationale en t\u00e9moin. Nous sommes pr\u00eats \u00e0 nous mettre \u00e0 genoux parce que vous avez la cl\u00e9, entre vos mains, de la sortie de crise de ce pays. Je vous demande s\u2019il vous pla\u00eet en tant que maire de Dakar et jeune fr\u00e8re d\u2019\u00e9vacuer cette question de vouloir briguer un troisi\u00e8me mandat. Le S\u00e9n\u00e9gal ne m\u00e9rite pas cette souffrance qu\u2019on nous a impos\u00e9e\u2026 \u00bb a soutenu le maire de Dakar dans une d\u00e9claration faite ce samedi pour donner son avis sur les heurts qui ont \u00e9maill\u00e9 l\u2019espace socio-politique depuis jeudi.Aux leaders de Yewwi Askan Wi et de la plateforme F24, Barth\u00e9l\u00e9my Dias adresse un message pour les inviter \u00e0 la raison : \u00ab Vous avez une responsabilit\u00e9 \u00e0 assumer dans ce pays. Vous n\u2019\u00eates pas des gamins. Vous ne pouvez pas pr\u00e9tendre diriger ce pays, sans vouloir la concertation. Ce n\u2019est pas possible. S\u2019il y\u2019a des probl\u00e8mes, alors assumez-en la responsabilit\u00e9 car, vous savez tr\u00e8s bien que les guides religieux ont accompli leur part de responsabilit\u00e9, mais en tant qu\u2019acteurs politiques, nous fassions preuve de retenue  \u00bb a confi\u00e9 le maire et membre de Yewwi Askan Wi \u00e0 ses camarades de l\u2019opposition.<\/p>\n","protected":false},"excerpt":{"rendered":"<p>\u00ab J\u2019interpelle le Pr\u00e9sident Macky Sall \u00e0 clarifier sa position sur le 3e mandat et j\u2019invite les membres de Yewwi<\/p>\n","protected":false},"author":1,"featured_media":5482,"comment_status":"open","ping_status":"open","sticky":false,"template":"","format":"standard","meta":{"footnotes":""},"categories":[6],"tags":[],"class_list":["post-13344","post","type-post","status-publish","format-standard","has-post-thumbnail","hentry","category-politics"],"_links":{"self":[{"href":"https:\/\/dekkbi.com\/index.php?rest_route=\/wp\/v2\/posts\/13344","targetHints":{"allow":["GET"]}}],"collection":[{"href":"https:\/\/dekkbi.com\/index.php?rest_route=\/wp\/v2\/posts"}],"about":[{"href":"https:\/\/dekkbi.com\/index.php?rest_route=\/wp\/v2\/types\/post"}],"author":[{"embeddable":true,"href":"https:\/\/dekkbi.com\/index.php?rest_route=\/wp\/v2\/users\/1"}],"replies":[{"embeddable":true,"href":"https:\/\/dekkbi.com\/index.php?rest_route=%2Fwp%2Fv2%2Fcomments&post=13344"}],"version-history":[{"count":1,"href":"https:\/\/dekkbi.com\/index.php?rest_route=\/wp\/v2\/posts\/13344\/revisions"}],"predecessor-version":[{"id":13345,"href":"https:\/\/dekkbi.com\/index.php?rest_route=\/wp\/v2\/posts\/13344\/revisions\/13345"}],"wp:featuredmedia":[{"embeddable":true,"href":"https:\/\/dekkbi.com\/index.php?rest_route=\/wp\/v2\/media\/5482"}],"wp:attachment":[{"href":"https:\/\/dekkbi.com\/index.php?rest_route=%2Fwp%2Fv2%2Fmedia&parent=13344"}],"wp:term":[{"taxonomy":"category","embeddable":true,"href":"https:\/\/dekkbi.com\/index.php?rest_route=%2Fwp%2Fv2%2Fcategories&post=13344"},{"taxonomy":"post_tag","embeddable":true,"href":"https:\/\/dekkbi.com\/index.php?rest_route=%2Fwp%2Fv2%2Ftags&post=13344"}],"curies":[{"name":"wp","href":"https:\/\/api.w.org\/{rel}","templated":true}]}}