{"id":13325,"date":"2023-06-03T09:10:02","date_gmt":"2023-06-03T09:10:02","guid":{"rendered":"https:\/\/dekkbi.com\/?p=13325"},"modified":"2023-06-03T09:10:03","modified_gmt":"2023-06-03T09:10:03","slug":"senegal-de-la-communaute-internationale-aux-stars-du-foot-tous-appellent-a-larret-des-violences","status":"publish","type":"post","link":"https:\/\/dekkbi.com\/?p=13325","title":{"rendered":"S\u00e9n\u00e9gal : de la communaut\u00e9 internationale aux stars du foot, tous appellent \u00e0 l&rsquo;arr\u00eat des violences"},"content":{"rendered":"\n<p>Apr\u00e8s un d\u00e9cha\u00eenement qui a pouss\u00e9 les autorit\u00e9s \u00e0 d\u00e9ployer l&rsquo;arm\u00e9e \u00e0 Dakar et qui fait craindre un embrasement en cas d&rsquo;arrestation de l&rsquo;opposant Ousmane Sonko, les appels \u00e0 l&rsquo;arr\u00eat des violences se sont succ\u00e9d\u00e9 ce 2 juin, au S\u00e9n\u00e9gal et \u00e0 l&rsquo;\u00e9tranger.Le secr\u00e9taire g\u00e9n\u00e9ral de l&rsquo;ONU Antonio Guterres ce 2 juin condamne la violence et \u00ab\u00a0exhorte tous les acteurs \u00e0 (&#8230;) la retenue\u00a0\u00bb, a dit un porte-parole. Langage similaire de la part de la France, aux relations fortes avec le S\u00e9n\u00e9gal et \u00ab\u00a0extr\u00eamement pr\u00e9occup\u00e9e\u00a0\u00bb : Paris appelle \u00ab\u00a0\u00e0 cesser les violences et \u00e0 r\u00e9soudre cette crise, dans le respect de la longue tradition d\u00e9mocratique du S\u00e9n\u00e9gal\u00a0\u00bb.La Communaut\u00e9 des \u00c9tats ouest-africains (C\u00e9d\u00e9ao) a fait part de son \u00ab\u00a0inqui\u00e9tude\u00a0\u00bb et appel\u00e9 toutes les parties \u00e0 \u00ab\u00a0d\u00e9fendre la r\u00e9putation louable du pays en tant que bastion de paix et de stabilit\u00e9\u00a0\u00bb.Le S\u00e9n\u00e9gal, r\u00e9put\u00e9 comme un rare \u00eelot de stabilit\u00e9 en Afrique de l&rsquo;Ouest sans \u00eatre exempt de troubles en p\u00e9riode pr\u00e9\u00e9lectorale, a connu jeudi 1er juin l&rsquo;une de ses pires journ\u00e9es de contestation depuis des ann\u00e9es avec la mort de neuf personnes selon le minist\u00e8re de l&rsquo;Int\u00e9rieur.<\/p>\n","protected":false},"excerpt":{"rendered":"<p>Apr\u00e8s un d\u00e9cha\u00eenement qui a pouss\u00e9 les autorit\u00e9s \u00e0 d\u00e9ployer l&rsquo;arm\u00e9e \u00e0 Dakar et qui fait craindre un embrasement en<\/p>\n","protected":false},"author":1,"featured_media":13326,"comment_status":"open","ping_status":"open","sticky":false,"template":"","format":"standard","meta":{"footnotes":""},"categories":[21],"tags":[],"class_list":["post-13325","post","type-post","status-publish","format-standard","has-post-thumbnail","hentry","category-societe"],"_links":{"self":[{"href":"https:\/\/dekkbi.com\/index.php?rest_route=\/wp\/v2\/posts\/13325","targetHints":{"allow":["GET"]}}],"collection":[{"href":"https:\/\/dekkbi.com\/index.php?rest_route=\/wp\/v2\/posts"}],"about":[{"href":"https:\/\/dekkbi.com\/index.php?rest_route=\/wp\/v2\/types\/post"}],"author":[{"embeddable":true,"href":"https:\/\/dekkbi.com\/index.php?rest_route=\/wp\/v2\/users\/1"}],"replies":[{"embeddable":true,"href":"https:\/\/dekkbi.com\/index.php?rest_route=%2Fwp%2Fv2%2Fcomments&post=13325"}],"version-history":[{"count":1,"href":"https:\/\/dekkbi.com\/index.php?rest_route=\/wp\/v2\/posts\/13325\/revisions"}],"predecessor-version":[{"id":13327,"href":"https:\/\/dekkbi.com\/index.php?rest_route=\/wp\/v2\/posts\/13325\/revisions\/13327"}],"wp:featuredmedia":[{"embeddable":true,"href":"https:\/\/dekkbi.com\/index.php?rest_route=\/wp\/v2\/media\/13326"}],"wp:attachment":[{"href":"https:\/\/dekkbi.com\/index.php?rest_route=%2Fwp%2Fv2%2Fmedia&parent=13325"}],"wp:term":[{"taxonomy":"category","embeddable":true,"href":"https:\/\/dekkbi.com\/index.php?rest_route=%2Fwp%2Fv2%2Fcategories&post=13325"},{"taxonomy":"post_tag","embeddable":true,"href":"https:\/\/dekkbi.com\/index.php?rest_route=%2Fwp%2Fv2%2Ftags&post=13325"}],"curies":[{"name":"wp","href":"https:\/\/api.w.org\/{rel}","templated":true}]}}