{"id":13323,"date":"2023-06-03T09:06:00","date_gmt":"2023-06-03T09:06:00","guid":{"rendered":"https:\/\/dekkbi.com\/?p=13323"},"modified":"2023-06-03T09:06:00","modified_gmt":"2023-06-03T09:06:00","slug":"heurts-au-senegal-la-cedeao-appelle-au-reglement-des-differends-par-des-moyens-pacifiques","status":"publish","type":"post","link":"https:\/\/dekkbi.com\/?p=13323","title":{"rendered":"Heurts au S\u00e9n\u00e9gal: La Cedeao appelle au \u00ab\u00a0r\u00e8glement des diff\u00e9rends par des moyens pacifiques\u00a0\u00bb"},"content":{"rendered":"\n<p>A travers un communiqu\u00e9, la Commission de la Communaut\u00e9 \u00e9conomique des Etats de l\u2019Afrique de l\u2019Ouest (CEDEAO) dit suivre avec inqui\u00e9tude l\u2019\u00e9ruption de la violence au S\u00e9n\u00e9gal \u00e0 la suite du verdict du tribunal concernant l\u2019affaire Ousmane Sonko \u2013 Adji Sarr.\u00ab La CEDEAO condamne fermement les violences qui ont vis\u00e9 les forces de s\u00e9curit\u00e9, les biens publics, les propri\u00e9t\u00e9s priv\u00e9es et troubl\u00e9 l\u2019ordre public \u00bb, lit-on dans ce document sign\u00e9 ce vendredi 2 juin.L\u2019instance r\u00e9gionale \u00ab d\u00e9plore la perte en vies humaines et appelle \u00e0 la retenue et au r\u00e8glement des diff\u00e9rends par des moyens pacifiques \u00bb.Elle reste, par ailleurs, saisie de l\u2019\u00e9volution des \u00e9v\u00e9nements au S\u00e9n\u00e9gal et appelle tous \u00e0 d\u00e9fendre la r\u00e9putation louable du pays en tant que bastion de paix et de stabilit\u00e9.<\/p>\n\n\n\n<p>LESOLEIL<\/p>\n","protected":false},"excerpt":{"rendered":"<p>A travers un communiqu\u00e9, la Commission de la Communaut\u00e9 \u00e9conomique des Etats de l\u2019Afrique de l\u2019Ouest (CEDEAO) dit suivre avec<\/p>\n","protected":false},"author":1,"featured_media":4297,"comment_status":"open","ping_status":"open","sticky":false,"template":"","format":"standard","meta":{"footnotes":""},"categories":[6],"tags":[],"class_list":["post-13323","post","type-post","status-publish","format-standard","has-post-thumbnail","hentry","category-politics"],"_links":{"self":[{"href":"https:\/\/dekkbi.com\/index.php?rest_route=\/wp\/v2\/posts\/13323","targetHints":{"allow":["GET"]}}],"collection":[{"href":"https:\/\/dekkbi.com\/index.php?rest_route=\/wp\/v2\/posts"}],"about":[{"href":"https:\/\/dekkbi.com\/index.php?rest_route=\/wp\/v2\/types\/post"}],"author":[{"embeddable":true,"href":"https:\/\/dekkbi.com\/index.php?rest_route=\/wp\/v2\/users\/1"}],"replies":[{"embeddable":true,"href":"https:\/\/dekkbi.com\/index.php?rest_route=%2Fwp%2Fv2%2Fcomments&post=13323"}],"version-history":[{"count":1,"href":"https:\/\/dekkbi.com\/index.php?rest_route=\/wp\/v2\/posts\/13323\/revisions"}],"predecessor-version":[{"id":13324,"href":"https:\/\/dekkbi.com\/index.php?rest_route=\/wp\/v2\/posts\/13323\/revisions\/13324"}],"wp:featuredmedia":[{"embeddable":true,"href":"https:\/\/dekkbi.com\/index.php?rest_route=\/wp\/v2\/media\/4297"}],"wp:attachment":[{"href":"https:\/\/dekkbi.com\/index.php?rest_route=%2Fwp%2Fv2%2Fmedia&parent=13323"}],"wp:term":[{"taxonomy":"category","embeddable":true,"href":"https:\/\/dekkbi.com\/index.php?rest_route=%2Fwp%2Fv2%2Fcategories&post=13323"},{"taxonomy":"post_tag","embeddable":true,"href":"https:\/\/dekkbi.com\/index.php?rest_route=%2Fwp%2Fv2%2Ftags&post=13323"}],"curies":[{"name":"wp","href":"https:\/\/api.w.org\/{rel}","templated":true}]}}