{"id":13321,"date":"2023-06-03T09:02:38","date_gmt":"2023-06-03T09:02:38","guid":{"rendered":"https:\/\/dekkbi.com\/?p=13321"},"modified":"2023-06-03T09:02:38","modified_gmt":"2023-06-03T09:02:38","slug":"lua-condamne-les-violences-au-senegal-et-appelle-a-leur-cessation-immediate","status":"publish","type":"post","link":"https:\/\/dekkbi.com\/?p=13321","title":{"rendered":"L\u2019UA condamne les violences au S\u00e9n\u00e9gal et appelle \u00e0 leur cessation imm\u00e9diate"},"content":{"rendered":"\n<p>Dakar, (APS) \u2013 L\u2019Union africaine (UA) condamne les \u00e9meutes \u00e0 l\u2019origine de la mort de plusieurs personnes au S\u00e9n\u00e9gal et appelle \u00e0 leur cessation imm\u00e9diate.\u2018\u2019Le pr\u00e9sident de la Commission de l\u2019UA, Moussa Faki Mahamat, suivant de tr\u00e8s pr\u00e8s les \u00e9v\u00e9nements au S\u00e9n\u00e9gal, les violences ayant provoqu\u00e9 des morts d\u2019hommes en particulier, les condamne fermement et appelle \u00e0 leur cessation imm\u00e9diate\u2019\u2019, lit-on dans un communiqu\u00e9 de l\u2019organisation continentale.L\u2019Union africaine \u2018\u2019appelle tous les acteurs politiques \u00e0 observer la plus grande retenue et \u00e0 \u00e9viter de tels actes, qui ternissent le visage de la d\u00e9mocratie s\u00e9n\u00e9galaise, dont l\u2019Afrique a toujours \u00e9t\u00e9 fi\u00e8re\u2019\u2019, ajoute le communiqu\u00e9.Moussa Faki Mahamat appelle \u00e9galement les S\u00e9n\u00e9galais \u2018\u2019au respect du droit des citoyens \u00e0 exercer leurs droits de libert\u00e9 d\u2019expression et de manifestation\u2019\u2019.M. Mahamat invite \u00e9galement \u2018\u2019les citoyens \u00e0 respecter l\u2019ordre et la force de la loi\u2019\u2019, en m\u00eame temps qu\u2019il exhorte tous \u2018\u2019les acteurs \u00e0 privil\u00e9gier les voies du dialogue pour surmonter toutes leurs divergences, quelles qu\u2019elles soient\u2019\u2019.De violentes manifestations ont \u00e9clat\u00e9 au S\u00e9n\u00e9gal apr\u00e8s que l\u2019opposant politique Ousmane Sonko a \u00e9t\u00e9 condamn\u00e9, jeudi matin, \u00e0 une peine de deux ans de prison ferme pour \u2018\u2019corruption de la jeunesse\u2019\u2019.Neuf personnes ont trouv\u00e9 la mort dans ces manifestations, selon le ministre de l\u2019Int\u00e9rieur, Antoine Diome.Ousmane Sonko, maire de Ziguinchor (sud) et candidat d\u00e9clar\u00e9 \u00e0 l\u2019\u00e9lection pr\u00e9sidentielle du 25 f\u00e9vrier 2024, \u00e9tait jug\u00e9 pour viol et menaces de mort sur la personne d\u2019Adji Sarr, une ex-masseuse, employ\u00e9e d\u2019un salon de beaut\u00e9 \u00e0 Dakar.Il ne s\u2019est pas pr\u00e9sent\u00e9 devant la chambre criminelle du tribunal de Dakar, qui jugeait cette affaire tenant en haleine le S\u00e9n\u00e9gal depuis f\u00e9vrier 2021.La d\u00e9cision judiciaire est susceptible de l\u2019emp\u00eacher d\u2019\u00eatre candidat \u00e0 l\u2019\u00e9lection pr\u00e9sidentielle, affirment ses avocats en se basant sur le Code \u00e9lectoral du pays.<\/p>\n\n\n\n<p>FD\/ESF\/OID<\/p>\n","protected":false},"excerpt":{"rendered":"<p>Dakar, (APS) \u2013 L\u2019Union africaine (UA) condamne les \u00e9meutes \u00e0 l\u2019origine de la mort de plusieurs personnes au S\u00e9n\u00e9gal et<\/p>\n","protected":false},"author":1,"featured_media":7302,"comment_status":"open","ping_status":"open","sticky":false,"template":"","format":"standard","meta":{"footnotes":""},"categories":[6],"tags":[],"class_list":["post-13321","post","type-post","status-publish","format-standard","has-post-thumbnail","hentry","category-politics"],"_links":{"self":[{"href":"https:\/\/dekkbi.com\/index.php?rest_route=\/wp\/v2\/posts\/13321","targetHints":{"allow":["GET"]}}],"collection":[{"href":"https:\/\/dekkbi.com\/index.php?rest_route=\/wp\/v2\/posts"}],"about":[{"href":"https:\/\/dekkbi.com\/index.php?rest_route=\/wp\/v2\/types\/post"}],"author":[{"embeddable":true,"href":"https:\/\/dekkbi.com\/index.php?rest_route=\/wp\/v2\/users\/1"}],"replies":[{"embeddable":true,"href":"https:\/\/dekkbi.com\/index.php?rest_route=%2Fwp%2Fv2%2Fcomments&post=13321"}],"version-history":[{"count":1,"href":"https:\/\/dekkbi.com\/index.php?rest_route=\/wp\/v2\/posts\/13321\/revisions"}],"predecessor-version":[{"id":13322,"href":"https:\/\/dekkbi.com\/index.php?rest_route=\/wp\/v2\/posts\/13321\/revisions\/13322"}],"wp:featuredmedia":[{"embeddable":true,"href":"https:\/\/dekkbi.com\/index.php?rest_route=\/wp\/v2\/media\/7302"}],"wp:attachment":[{"href":"https:\/\/dekkbi.com\/index.php?rest_route=%2Fwp%2Fv2%2Fmedia&parent=13321"}],"wp:term":[{"taxonomy":"category","embeddable":true,"href":"https:\/\/dekkbi.com\/index.php?rest_route=%2Fwp%2Fv2%2Fcategories&post=13321"},{"taxonomy":"post_tag","embeddable":true,"href":"https:\/\/dekkbi.com\/index.php?rest_route=%2Fwp%2Fv2%2Ftags&post=13321"}],"curies":[{"name":"wp","href":"https:\/\/api.w.org\/{rel}","templated":true}]}}