{"id":13310,"date":"2023-06-03T08:35:57","date_gmt":"2023-06-03T08:35:57","guid":{"rendered":"https:\/\/dekkbi.com\/?p=13310"},"modified":"2023-06-03T08:35:58","modified_gmt":"2023-06-03T08:35:58","slug":"kosovo-les-violences-reveillent-les-plaies-mal-cicatrisees-du-pass","status":"publish","type":"post","link":"https:\/\/dekkbi.com\/?p=13310","title":{"rendered":"Kosovo: les violences r\u00e9veillent les plaies mal cicatris\u00e9es du pass"},"content":{"rendered":"\n<p>Au Kosovo, les Serbes du nord du pays protestent toujours contre l\u2019\u00e9lection de maires albanais dans les communes o\u00f9 ils sont majoritaires. Malgr\u00e9 une pression maximale et in\u00e9dite des Occidentaux, les dirigeants kosovars refusent de revenir sur leurs derni\u00e8res d\u00e9cisions. Derri\u00e8re les calculs politiques, ce bras de fer entre Belgrade et Pristina ravive les haines ethniques, 24 ans apr\u00e8s la fin de la guerre qui a d\u00e9chir\u00e9 la soci\u00e9t\u00e9 kosovare.<\/p>\n\n\n\n<p>Reportage \u00e0 Zvecan et \u00e0 Mitrovica de notre correspondant dans les Balkans, Louis Seiller RFI<\/p>\n\n\n\n<p>Une semaine apr\u00e8s la prise de fonctions tr\u00e8s contest\u00e9e des maires albanais, des centaines de Serbes du nord du Kosovo continuent de protester devant les b\u00e2timents municipaux.<\/p>\n\n\n\n<p>Dans le calme, les Serbes, comme Milos, demandent le d\u00e9part de la police kosovare. \u00ab Ce sont des terroristes habill\u00e9s avec des uniformes\u2026 Ils ont simplement enfil\u00e9 des uniformes de policiers. Ce n\u2019est pas qu\u2019on ne leur fait pas confiance, mais on ne veut pas les voir chez nous. \u00bb<\/p>\n\n\n\n<p><\/p>\n","protected":false},"excerpt":{"rendered":"<p>Au Kosovo, les Serbes du nord du pays protestent toujours contre l\u2019\u00e9lection de maires albanais dans les communes o\u00f9 ils<\/p>\n","protected":false},"author":1,"featured_media":13311,"comment_status":"open","ping_status":"open","sticky":false,"template":"","format":"standard","meta":{"footnotes":""},"categories":[51],"tags":[],"class_list":["post-13310","post","type-post","status-publish","format-standard","has-post-thumbnail","hentry","category-general"],"_links":{"self":[{"href":"https:\/\/dekkbi.com\/index.php?rest_route=\/wp\/v2\/posts\/13310","targetHints":{"allow":["GET"]}}],"collection":[{"href":"https:\/\/dekkbi.com\/index.php?rest_route=\/wp\/v2\/posts"}],"about":[{"href":"https:\/\/dekkbi.com\/index.php?rest_route=\/wp\/v2\/types\/post"}],"author":[{"embeddable":true,"href":"https:\/\/dekkbi.com\/index.php?rest_route=\/wp\/v2\/users\/1"}],"replies":[{"embeddable":true,"href":"https:\/\/dekkbi.com\/index.php?rest_route=%2Fwp%2Fv2%2Fcomments&post=13310"}],"version-history":[{"count":1,"href":"https:\/\/dekkbi.com\/index.php?rest_route=\/wp\/v2\/posts\/13310\/revisions"}],"predecessor-version":[{"id":13312,"href":"https:\/\/dekkbi.com\/index.php?rest_route=\/wp\/v2\/posts\/13310\/revisions\/13312"}],"wp:featuredmedia":[{"embeddable":true,"href":"https:\/\/dekkbi.com\/index.php?rest_route=\/wp\/v2\/media\/13311"}],"wp:attachment":[{"href":"https:\/\/dekkbi.com\/index.php?rest_route=%2Fwp%2Fv2%2Fmedia&parent=13310"}],"wp:term":[{"taxonomy":"category","embeddable":true,"href":"https:\/\/dekkbi.com\/index.php?rest_route=%2Fwp%2Fv2%2Fcategories&post=13310"},{"taxonomy":"post_tag","embeddable":true,"href":"https:\/\/dekkbi.com\/index.php?rest_route=%2Fwp%2Fv2%2Ftags&post=13310"}],"curies":[{"name":"wp","href":"https:\/\/api.w.org\/{rel}","templated":true}]}}