{"id":13304,"date":"2023-06-03T08:24:29","date_gmt":"2023-06-03T08:24:29","guid":{"rendered":"https:\/\/dekkbi.com\/?p=13304"},"modified":"2023-06-03T08:24:29","modified_gmt":"2023-06-03T08:24:29","slug":"senegal-des-militaires-deployes-a-dakar-amnesty-international-juge-la-situation-tres-preoccupante","status":"publish","type":"post","link":"https:\/\/dekkbi.com\/?p=13304","title":{"rendered":"S\u00e9n\u00e9gal: des militaires d\u00e9ploy\u00e9s \u00e0 Dakar, Amnesty International juge la situation \u00abtr\u00e8s pr\u00e9occupante"},"content":{"rendered":"\n<p>Le S\u00e9n\u00e9gal est toujours sous haute tension apr\u00e8s la condamnation \u00e0 deux ans ferme d&rsquo;Ousmane Sonko pour \u00ab corruption de la jeunesse \u00bb. Depuis jeudi, les rues de Dakar et Ziguinchor sont notamment le th\u00e9\u00e2tre d&rsquo;affrontements entre manifestants et forces de l&rsquo;ordre. Ces affrontements violents ont d\u00e9j\u00e0 caus\u00e9 la mort de dix personnes, tandis que les militaires ont \u00e9t\u00e9 d\u00e9ploy\u00e9s dans plusieurs secteurs de la capitale.<\/p>\n\n\n\n<p>Le S\u00e9n\u00e9gal est toujours sous haute tension apr\u00e8s la condamnation \u00e0 deux ans ferme d&rsquo;Ousmane Sonko pour \u00ab corruption de la jeunesse \u00bb. Depuis jeudi, les rues de Dakar et Ziguinchor sont notamment le th\u00e9\u00e2tre d&rsquo;affrontements entre manifestants et forces de l&rsquo;ordre. Ces affrontements violents ont d\u00e9j\u00e0 caus\u00e9 la mort de dix personnes, tandis que les militaires ont \u00e9t\u00e9 d\u00e9ploy\u00e9s dans plusieurs secteurs de la capitale<\/p>\n\n\n\n<p>Face aux manifestations qui ont suivi la condamnation d&rsquo;Ousmane Sonko, des v\u00e9hicules de l\u2019arm\u00e9e et des militaires ont \u00e9t\u00e9 positionn\u00e9s vendredi 2 juin dans plusieurs secteurs de Dakar. Mais uniquement pour s\u00e9curiser des sites jug\u00e9s strat\u00e9giques, selon Maham Ka, le porte-parole du minist\u00e8re de l&rsquo;Int\u00e9rieur \u00e0 la RTS, la radio-t\u00e9l\u00e9vision nationale. \u00ab Toutes les pr\u00e9cautions d\u2019organisations de d\u00e9fense et de s\u00e9curit\u00e9 ont \u00e9t\u00e9 prises, et c\u2019est bien organis\u00e9, a-t-il estim\u00e9. Ce sont des forces de cat\u00e9gorie 1, 2 et 3. La police, la gendarmerie et l\u2019arm\u00e9e, et chacun en cas de troubles, a son r\u00f4le \u00e0 jouer. On a des policiers qui sont positionn\u00e9s dans certains secteurs qui jouent un r\u00f4le, les gendarmes qui en jouent un autre et les militaires qui sont positionn\u00e9s juste pour le moment dans des endroits dits strat\u00e9giques. \u00bb<\/p>\n\n\n\n<p>Le porte-parole du minist\u00e8re de l&rsquo;Int\u00e9rieur conc\u00e8de \u00ab qu\u2018il y a des troubles, c\u2019est vrai \u00bb et insiste sur un point : les militaires n\u2019assurent pas le maintien de l\u2019ordre. Tout cela, \u00ab c\u2019est le travail de la police et de la gendarmerie \u00bb. \u00ab Il y a des manifestations, mais c\u2019est en train d\u2019\u00eatre g\u00e9r\u00e9 correctement par les forces de police et de gendarmerie. Maintenant, \u00e0 chaque fois qu\u2019il y a des soucis, il y a des installations strat\u00e9giques qui sont vitales &#8211; on peut penser \u00e0 des installations de t\u00e9l\u00e9communications ou des choses comme \u00e7a, d\u2019\u00e9nergie, etc. -, o\u00f9 on doit placer des forces militaires qui sont pour le moment seulement positionn\u00e9es. Et ils ne font aucun travail de maintien de l\u2019ordre. C\u2019est juste un positionnement normal en cas de troubles \u00bb, a indiqu\u00e9 Maham Ka.<\/p>\n\n\n\n<p><\/p>\n\n\n\n<p> <\/p>\n\n\n\n<p><\/p>\n","protected":false},"excerpt":{"rendered":"<p>Le S\u00e9n\u00e9gal est toujours sous haute tension apr\u00e8s la condamnation \u00e0 deux ans ferme d&rsquo;Ousmane Sonko pour \u00ab corruption de<\/p>\n","protected":false},"author":1,"featured_media":13305,"comment_status":"open","ping_status":"open","sticky":false,"template":"","format":"standard","meta":{"footnotes":""},"categories":[21],"tags":[],"class_list":["post-13304","post","type-post","status-publish","format-standard","has-post-thumbnail","hentry","category-societe"],"_links":{"self":[{"href":"https:\/\/dekkbi.com\/index.php?rest_route=\/wp\/v2\/posts\/13304","targetHints":{"allow":["GET"]}}],"collection":[{"href":"https:\/\/dekkbi.com\/index.php?rest_route=\/wp\/v2\/posts"}],"about":[{"href":"https:\/\/dekkbi.com\/index.php?rest_route=\/wp\/v2\/types\/post"}],"author":[{"embeddable":true,"href":"https:\/\/dekkbi.com\/index.php?rest_route=\/wp\/v2\/users\/1"}],"replies":[{"embeddable":true,"href":"https:\/\/dekkbi.com\/index.php?rest_route=%2Fwp%2Fv2%2Fcomments&post=13304"}],"version-history":[{"count":1,"href":"https:\/\/dekkbi.com\/index.php?rest_route=\/wp\/v2\/posts\/13304\/revisions"}],"predecessor-version":[{"id":13306,"href":"https:\/\/dekkbi.com\/index.php?rest_route=\/wp\/v2\/posts\/13304\/revisions\/13306"}],"wp:featuredmedia":[{"embeddable":true,"href":"https:\/\/dekkbi.com\/index.php?rest_route=\/wp\/v2\/media\/13305"}],"wp:attachment":[{"href":"https:\/\/dekkbi.com\/index.php?rest_route=%2Fwp%2Fv2%2Fmedia&parent=13304"}],"wp:term":[{"taxonomy":"category","embeddable":true,"href":"https:\/\/dekkbi.com\/index.php?rest_route=%2Fwp%2Fv2%2Fcategories&post=13304"},{"taxonomy":"post_tag","embeddable":true,"href":"https:\/\/dekkbi.com\/index.php?rest_route=%2Fwp%2Fv2%2Ftags&post=13304"}],"curies":[{"name":"wp","href":"https:\/\/api.w.org\/{rel}","templated":true}]}}