{"id":13302,"date":"2023-06-03T08:16:23","date_gmt":"2023-06-03T08:16:23","guid":{"rendered":"https:\/\/dekkbi.com\/?p=13302"},"modified":"2023-06-03T08:16:23","modified_gmt":"2023-06-03T08:16:23","slug":"turquie-erdogan-investi-pour-un-nouveau-mandat-de-cinq-ans","status":"publish","type":"post","link":"https:\/\/dekkbi.com\/?p=13302","title":{"rendered":"Turquie: Erdogan investi pour un nouveau mandat de cinq ans"},"content":{"rendered":"\n<p>L\u2019investiture du pr\u00e9sident Recep Tayyip Erdogan doit avoir lieu ce samedi 3 juin, moins d\u2019une semaine apr\u00e8s sa victoire au second tour de l\u2019\u00e9lection pr\u00e9sidentielle.<\/p>\n\n\n\n<p>Avec notre envoy\u00e9 sp\u00e9cial \u00e0 Istanbul, Daniel Vallot RFU<\/p>\n\n\n\n<p>Recep Tayyip Erdogan doit pr\u00eater serment ce samedi. La c\u00e9r\u00e9monie sera marqu\u00e9e par la pr\u00e9sence d&rsquo;une vingtaine de chefs d&rsquo;\u00c9tat et que 45 ministres \u00e9trangers, selon la presse pro-gouvernementale. Mais surtout, c&rsquo;est la pr\u00e9sence de Jens Stoltenberg, le secr\u00e9taire g\u00e9n\u00e9ral de l&rsquo;Otan, qui attire particuli\u00e8rement l&rsquo;attention. Depuis 13 mois, la Turquie maintient son v\u00e9to \u00e0 l&rsquo;entr\u00e9e de la Su\u00e8de dans l&rsquo;Alliance atlantique et se fait courtiser pour accepter de le lever d&rsquo;ici &#8211; ou lors &#8211; du sommet de l&rsquo;Organisation \u00e0 Vilnius en juillet<\/p>\n\n\n\n<p>La journ\u00e9e se cl\u00f4turera par un d\u00eener au gigantesque palais pr\u00e9sidentiel b\u00e2ti par le chef de l&rsquo;\u00c9tat sur une colline \u00e0 l&rsquo;\u00e9cart du centre de la capitale.<\/p>\n\n\n\n<p>Parmi les invit\u00e9s figureront notamment le pr\u00e9sident azerba\u00efdjanais Ilham Aliev, proche alli\u00e9 de M. Erdogan, et les Premiers ministres de Hongrie, Viktor Orban, et du Qatar, Mohammed ben Abderrahmane Al-Thani, qui furent parmi les premiers \u00e0 le f\u00e9liciter pour sa r\u00e9\u00e9lection apr\u00e8s vingt ans de pouvoir. Le Premier ministre arm\u00e9nien Nikol Pachinian assistera \u00e9galement \u00e0 l&rsquo;investiture du pr\u00e9sident turc, a annonc\u00e9 vendredi son cabinet, malgr\u00e9 les tensions historiques entre les deux \u00c9tats et les affrontements r\u00e9guliers entre l&rsquo;Arm\u00e9nie et l&rsquo;Azerba\u00efdjan dans la r\u00e9gion du Haut-Karabakh. <\/p>\n","protected":false},"excerpt":{"rendered":"<p>L\u2019investiture du pr\u00e9sident Recep Tayyip Erdogan doit avoir lieu ce samedi 3 juin, moins d\u2019une semaine apr\u00e8s sa victoire au<\/p>\n","protected":false},"author":1,"featured_media":13210,"comment_status":"open","ping_status":"open","sticky":false,"template":"","format":"standard","meta":{"footnotes":""},"categories":[51],"tags":[],"class_list":["post-13302","post","type-post","status-publish","format-standard","has-post-thumbnail","hentry","category-general"],"_links":{"self":[{"href":"https:\/\/dekkbi.com\/index.php?rest_route=\/wp\/v2\/posts\/13302","targetHints":{"allow":["GET"]}}],"collection":[{"href":"https:\/\/dekkbi.com\/index.php?rest_route=\/wp\/v2\/posts"}],"about":[{"href":"https:\/\/dekkbi.com\/index.php?rest_route=\/wp\/v2\/types\/post"}],"author":[{"embeddable":true,"href":"https:\/\/dekkbi.com\/index.php?rest_route=\/wp\/v2\/users\/1"}],"replies":[{"embeddable":true,"href":"https:\/\/dekkbi.com\/index.php?rest_route=%2Fwp%2Fv2%2Fcomments&post=13302"}],"version-history":[{"count":1,"href":"https:\/\/dekkbi.com\/index.php?rest_route=\/wp\/v2\/posts\/13302\/revisions"}],"predecessor-version":[{"id":13303,"href":"https:\/\/dekkbi.com\/index.php?rest_route=\/wp\/v2\/posts\/13302\/revisions\/13303"}],"wp:featuredmedia":[{"embeddable":true,"href":"https:\/\/dekkbi.com\/index.php?rest_route=\/wp\/v2\/media\/13210"}],"wp:attachment":[{"href":"https:\/\/dekkbi.com\/index.php?rest_route=%2Fwp%2Fv2%2Fmedia&parent=13302"}],"wp:term":[{"taxonomy":"category","embeddable":true,"href":"https:\/\/dekkbi.com\/index.php?rest_route=%2Fwp%2Fv2%2Fcategories&post=13302"},{"taxonomy":"post_tag","embeddable":true,"href":"https:\/\/dekkbi.com\/index.php?rest_route=%2Fwp%2Fv2%2Ftags&post=13302"}],"curies":[{"name":"wp","href":"https:\/\/api.w.org\/{rel}","templated":true}]}}