{"id":13291,"date":"2023-06-02T10:25:00","date_gmt":"2023-06-02T10:25:00","guid":{"rendered":"https:\/\/dekkbi.com\/?p=13291"},"modified":"2023-06-02T10:25:02","modified_gmt":"2023-06-02T10:25:02","slug":"en-moldavie-la-famille-europeenne-fait-bloc-autour-de-zelensky","status":"publish","type":"post","link":"https:\/\/dekkbi.com\/?p=13291","title":{"rendered":"En Moldavie, la \u00ab\u00a0famille europ\u00e9enne\u00a0\u00bb fait bloc autour de Zelensky"},"content":{"rendered":"\n<p>Pr\u00e8s de 50 dirigeants europ\u00e9ens se sont r\u00e9unis en sommet avec le pr\u00e9sident Volodymyr Zelensky jeudi 1er juin 2022 en Moldavie, d\u00e9fiant le pr\u00e9sident russe Vladimir Poutine dans ce petit pays voisin de l&rsquo;Ukraine, qui vit lui aussi dans la crainte de la Russie.<\/p>\n\n\n\n<p>Les participants se retrouvent \u00e0 seulement 20 km de la fronti\u00e8re ukrainienne pour envoyer un message de soutien \u00e0 ces deux anciennes r\u00e9publiques sovi\u00e9tiques, alors qu&rsquo;une nouvelle attaque a\u00e9rienne a frapp\u00e9 Kiev t\u00f4t jeudi matin, tuant au moins trois personnes, dont un enfant.<\/p>\n\n\n\n<p>Le pr\u00e9sident ukrainien a profit\u00e9 de la tribune offerte par la deuxi\u00e8me r\u00e9union de la Communaut\u00e9 politique europ\u00e9enne (CPE) pour plaider avec force en faveur de l&rsquo;adh\u00e9sion de son pays \u00e0 l&rsquo;Otan et \u00e0 l&rsquo;UE.<\/p>\n\n\n\n<p><em>Tous les pays europ\u00e9ens qui ont une fronti\u00e8re avec la Russie et qui ne veulent pas qu&rsquo;elle leur arrache une partie de leur territoire doivent \u00eatre membres \u00e0 part enti\u00e8re de l&rsquo;Otan et de l&rsquo;UE.Volodymir Zelensky, pr\u00e9sident ukrainien<\/em><\/p>\n\n\n\n<p><em>\u00ab\u00a0Chaque doute que nous manifestons est une tranch\u00e9e que la Russie essaiera d&rsquo;occuper\u00a0\u00bb<\/em>, a-t-il martel\u00e9.<em>\u00a0\u00ab\u00a0Tous les pays europ\u00e9ens qui ont une fronti\u00e8re avec la Russie et qui ne veulent pas que la Russie leur arrache une partie de leur territoire doivent \u00eatre membres \u00e0 part enti\u00e8re de l&rsquo;Otan et de l&rsquo;UE\u00a0\u00bb<\/em>, a-t-il poursuivi.<\/p>\n\n\n\n<p>Le sommet de la&nbsp;CPE&nbsp;<em>est une expression claire de notre unit\u00e9 (&#8230;) pour dissuader l&rsquo;agression et consolider la paix sur le continent.<\/em>Maia Sandu, pr\u00e9sidente de Moldavie<\/p>\n\n\n\n<h2 class=\"wp-block-heading\">Dissuader l&rsquo;agression<\/h2>\n\n\n\n<p>Le sommet de la CPE&nbsp;<em>\u00ab\u00a0est une expression claire de notre unit\u00e9, de notre force et de notre d\u00e9termination \u00e0 agir ensemble comme une (&#8230;) famille europ\u00e9enne unique (&#8230;) pour dissuader l&rsquo;agression et consolider la paix sur le continent\u00a0\u00bb,<\/em>&nbsp;a d\u00e9clar\u00e9 la pr\u00e9sidente moldave Maia Sandu, qui frappe \u00e9galement \u00e0 la porte de l&rsquo;Union europ\u00e9enne.<\/p>\n\n\n\n<p>Comme lors de sa premi\u00e8re \u00e9dition \u00e0 Prague en octobre 2022, le sommet, organis\u00e9 au ch\u00e2teau Mimi, un domaine viticole dans le village de Bulboaca, a donn\u00e9 lieu \u00e0 une&nbsp;<em>\u00ab\u00a0photo de famille\u00a0\u00bb<\/em>, avec cette fois un absent de marque : le pr\u00e9sident turc Recep Tayyp Erdogan, r\u00e9\u00e9lu dimanche, n&rsquo;a pas fait le d\u00e9placement.<\/p>\n\n\n\n<p>Prise dans ce village proche de la Transdniestrie, r\u00e9gion s\u00e9paratiste pro-russe de 300 000 habitants dans l&rsquo;Est du pays, la photo se veut un symbole fort de l&rsquo;isolement de Poutine sur le continent<video preload=\"auto\" src=\"https:\/\/vodinfo.tv5monde.com\/upload\/2022\/05\/Transnistrietraverseediscrete.mp4\"><\/video><\/p>\n\n\n\n<p>Rassemblement beaucoup plus large que l&rsquo;UE (20 pays ont \u00e9t\u00e9 invit\u00e9s en plus des 27 membres du bloc), la CPE, imagin\u00e9e par le pr\u00e9sident fran\u00e7ais Emmanuel Macron, r\u00e9unit des \u00c9tats aux profils et parcours tr\u00e8s diff\u00e9rents : Arm\u00e9nie, G\u00e9orgie, Islande, Norv\u00e8ge, Suisse, Turquie, Royaume-Uni, Serbie, Azerba\u00efdjan&#8230;<\/p>\n\n\n\n<p><em>La Russie de Poutine s&rsquo;est exclue elle-m\u00eame de cette communaut\u00e9 en lan\u00e7ant cette guerre contre l&rsquo;Ukraine.<\/em>Josep Borrell, chef de la diplomatie de l&rsquo;Union europ\u00e9enne<\/p>\n\n\n\n<p><em>\u00ab\u00a0La Russie de Poutine s&rsquo;est exclue elle-m\u00eame de cette communaut\u00e9 en lan\u00e7ant cette guerre contre l&rsquo;Ukraine\u00a0\u00bb<\/em>, a soulign\u00e9 le chef de la diplomatie de l&rsquo;Union europ\u00e9enne, Josep Borrell.<\/p>\n\n\n\n<p><em>\u00ab\u00a0J&rsquo;esp\u00e8re que la pr\u00e9sence de tant de dirigeants ici, tout pr\u00e8s de l&rsquo;Ukraine, enverra un message fort sur l&rsquo;unit\u00e9 de nombreux \u00c9tats, pas seulement de l&rsquo;Union europ\u00e9enne, pour d\u00e9fendre l&rsquo;ordre international\u00a0\u00bb,&nbsp;<\/em>a-t-il ajout\u00e9.<\/p>\n\n\n\n<h2 class=\"wp-block-heading\">Discussions sur le Kosovo et l&rsquo;Arm\u00e9nie<\/h2>\n\n\n\n<p>La CPE est aussi l&rsquo;occasion de quelques discussions bilat\u00e9rales ou en formats restreints entre dirigeants. Elle pourrait aider \u00e0 faire baisser les tensions dans le Nord du Kosovo, o\u00f9 des violences ont \u00e9clat\u00e9 le week-end dernier entre manifestants serbes et policiers, faisant 30 bless\u00e9s parmi les soldats de la force de l&rsquo;Otan d\u00e9ploy\u00e9s sur place.<\/p>\n\n\n\n<p><strong>(Re)voir \u2192&nbsp;<a href=\"https:\/\/information.tv5monde.com\/international\/kosovo-montee-des-tensions-2642621\">Kosovo : mont\u00e9e des tensions<\/a><\/strong><\/p>\n\n\n\n<p>TV5 JWPlayer Field<video preload=\"auto\" src=\"https:\/\/vodinfo.tv5monde.com\/videos\/3d\/6064283.mp4\"><\/video>Lire la vid\u00e9o<\/p>\n\n\n\n<p>Emmanuel Macron devait notamment rencontrer dans l&rsquo;apr\u00e8s-midi, avec Olaf Scholz, la pr\u00e9sidente kosovare&nbsp;Vjosa Osmani et le pr\u00e9sident serbe&nbsp;Aleksandar Vu\u010di\u0107 lors de deux r\u00e9unions distinctes.<\/p>\n\n\n\n<p>Par ailleurs, les dirigeants arm\u00e9nien et azerba\u00efdjanais, en pleine n\u00e9gociation pour mettre fin \u00e0 leur conflit, devaient \u00e9galementse r\u00e9unir sous l&rsquo;\u00e9gide d&rsquo;Emmanuel Macron, d&rsquo;Olaf Scholz et du pr\u00e9sident du Conseil europ\u00e9en Charles Michel.<\/p>\n\n\n\n<p><strong>Qu&rsquo;est-ce que la Communaut\u00e9 politique europ\u00e9enne ?<\/strong><\/p>\n\n\n\n<p>La communaut\u00e9 politique europ\u00e9enne (CPE) a \u00e9t\u00e9 cr\u00e9\u00e9e en juin 2022&nbsp;\u00e0 partir d\u2019une proposition d\u2019Emmanuel Macron. Pr\u00e9sent\u00e9e comme&nbsp;<em>\u201cune communaut\u00e9 politique \u00e0 l\u2019\u00e9chelle europ\u00e9enne\u201d<\/em>, la CPE doit permettre de renforcer les liens entre l\u2019Union europ\u00e9enne et&nbsp;<em>\u201cceux qui partagent ses valeurs sans en \u00eatre membres\u201d<\/em>&nbsp;selon le site touteleurope.eu.&nbsp;&nbsp;<\/p>\n\n\n\n<p>La CPE compte donc bien plus de membres que les 27 pays de l\u2019Union europ\u00e9enne (UE) : en tout, 47 pays ont rejoint cette nouvelle communaut\u00e9, dont 20 membres hors UE comme l\u2019Arm\u00e9nie, la G\u00e9orgie, la Norv\u00e8ge,la Turquie, ou encore le Royaume-Uni ou encore la Serbie&#8230;&nbsp;<\/p>\n\n\n\n<p>L\u2019objectif de cette communaut\u00e9 est de faciliter la coop\u00e9ration entre ses membres sur des th\u00e9matiques aussi vari\u00e9es que l\u2019\u00e9nergie, la s\u00e9curit\u00e9, les transports ou encore l\u2019enseignement. Il s\u2019agit aussi de \u201c<em>voir comment construire une nouvelle structure de s\u00e9curit\u00e9 en Europe (&#8230;)<\/em>&nbsp;<em>sans la Russie, non pas parce que nous ne voulons pas que la Russie fasse partie de l\u2019Europe, mais parce que la Russie de Poutine s\u2019est mise elle-m\u00eame en dehors de la communaut\u00e9 europ\u00e9enne<\/em>\u201d selon Josep Borell, le chef de la diplomatie europ\u00e9enne.&nbsp;<\/p>\n","protected":false},"excerpt":{"rendered":"<p>Pr\u00e8s de 50 dirigeants europ\u00e9ens se sont r\u00e9unis en sommet avec le pr\u00e9sident Volodymyr Zelensky jeudi 1er juin 2022 en<\/p>\n","protected":false},"author":1,"featured_media":13292,"comment_status":"open","ping_status":"open","sticky":false,"template":"","format":"standard","meta":{"footnotes":""},"categories":[51],"tags":[],"class_list":["post-13291","post","type-post","status-publish","format-standard","has-post-thumbnail","hentry","category-general"],"_links":{"self":[{"href":"https:\/\/dekkbi.com\/index.php?rest_route=\/wp\/v2\/posts\/13291","targetHints":{"allow":["GET"]}}],"collection":[{"href":"https:\/\/dekkbi.com\/index.php?rest_route=\/wp\/v2\/posts"}],"about":[{"href":"https:\/\/dekkbi.com\/index.php?rest_route=\/wp\/v2\/types\/post"}],"author":[{"embeddable":true,"href":"https:\/\/dekkbi.com\/index.php?rest_route=\/wp\/v2\/users\/1"}],"replies":[{"embeddable":true,"href":"https:\/\/dekkbi.com\/index.php?rest_route=%2Fwp%2Fv2%2Fcomments&post=13291"}],"version-history":[{"count":1,"href":"https:\/\/dekkbi.com\/index.php?rest_route=\/wp\/v2\/posts\/13291\/revisions"}],"predecessor-version":[{"id":13293,"href":"https:\/\/dekkbi.com\/index.php?rest_route=\/wp\/v2\/posts\/13291\/revisions\/13293"}],"wp:featuredmedia":[{"embeddable":true,"href":"https:\/\/dekkbi.com\/index.php?rest_route=\/wp\/v2\/media\/13292"}],"wp:attachment":[{"href":"https:\/\/dekkbi.com\/index.php?rest_route=%2Fwp%2Fv2%2Fmedia&parent=13291"}],"wp:term":[{"taxonomy":"category","embeddable":true,"href":"https:\/\/dekkbi.com\/index.php?rest_route=%2Fwp%2Fv2%2Fcategories&post=13291"},{"taxonomy":"post_tag","embeddable":true,"href":"https:\/\/dekkbi.com\/index.php?rest_route=%2Fwp%2Fv2%2Ftags&post=13291"}],"curies":[{"name":"wp","href":"https:\/\/api.w.org\/{rel}","templated":true}]}}