{"id":13266,"date":"2023-06-02T09:32:03","date_gmt":"2023-06-02T09:32:03","guid":{"rendered":"https:\/\/dekkbi.com\/?p=13266"},"modified":"2023-06-02T09:32:32","modified_gmt":"2023-06-02T09:32:32","slug":"plus-loin-avec-pr-amsatou-sow-sidibe-sur-le-dialogue-national-si-on-ne-soccupe-que-du-3eme-mandat-on-ne-va-pas-se-concentrer-sur-lessentiel","status":"publish","type":"post","link":"https:\/\/dekkbi.com\/?p=13266","title":{"rendered":"Plus loin avec\u2026 Pr Amsatou Sow Sidib\u00e9 sur le dialogue national"},"content":{"rendered":"\n<p>: \u00abSi on ne s\u2019occupe que du 3\u00e8me mandat, on ne va pas se concentrer sur l\u2019essentiel\u00bb<\/p>\n\n\n\n<p><\/p>\n\n\n\n<p><strong>Le dialogue national est lanc\u00e9, mais pour Amsatou Sow Sidib\u00e9, professeure de Droit et agr\u00e9g\u00e9e des Universit\u00e9s, il ne peut y avoir de concentration possible tant que cette affaire de 3\u00e8me mandat n\u2019est pas r\u00e9gl\u00e9e. La pr\u00e9sidente de \u00abCar Leneen\u00bb, qui a magnifi\u00e9 ce dialogue pr\u00f4n\u00e9 par le chef de l\u2019Etat, Macky Sall, invite ce dernier \u00e0 se concentrer sur les pr\u00e9occupations des S\u00e9n\u00e9galais. L\u2019ambassadrice de la paix, Amsatou Sow Sidib\u00e9, souhaite un dialogue franc et sinc\u00e8re, mais aussi plaide pour que la composition change. De plus, elle a demand\u00e9 la r\u00e9glementation ou la suppression d\u00e9finitive du parrainage dans le syst\u00e8me juridique \u00e9lectoral s\u00e9n\u00e9galais.<\/strong><\/p>\n\n\n\n<p><strong>Le chef de l\u2019Etat a convi\u00e9 \u00e0 un dialogue national r\u00e9unissant tous les partis politiques et les diff\u00e9rents acteurs du pays, quelle est votre opinion sur le sujet<\/strong>&nbsp;?<br>Je suis venue parce que je suis une m\u00e8re, et j\u2019ai beaucoup \u0153uvr\u00e9 pour la pr\u00e9vention et la r\u00e9solution des conflits, la consolidation de la paix. Je suis une femme de paix. J\u2019\u0153uvre pour la paix partout, dans mon pays comme \u00e0 l\u2019ext\u00e9rieur. Et voil\u00e0 pourquoi en 2005, j\u2019ai \u00e9t\u00e9 nomin\u00e9e parmi 1000 femmes pour le Prix Nobel de la Paix. Je suis ambassadrice de la paix. J\u2019ai enseign\u00e9 la paix \u00e0 l\u2019universit\u00e9. Donc, je sais ce qu\u2019est le dialogue. Et c\u2019est ce que nous enseignons. Tous les conflits prennent fin autour d\u2019une table de n\u00e9gociation. Alors, au lieu de laisser les choses empirer, autant commencer par cette n\u00e9gociation-l\u00e0. Raison pour laquelle je suis l\u00e0.<\/p>\n\n\n\n<p><strong>Le dialogue est lanc\u00e9, mais les termes de r\u00e9f\u00e9rence ne sont pas encore d\u00e9finis. Concr\u00e8tement, qu\u2019attendez-vous de ce dialogue ?<\/strong><br>Je voudrais que la composition des membres de la table de n\u00e9gociation soit plus \u00e9toff\u00e9e que \u00e7a, parce que j\u2019ai l\u2019impression que c\u2019est unipolaire. Il n\u2019y a qu\u2019un seul p\u00f4le qui dit \u00e0 peu pr\u00e8s la m\u00eame chose.&nbsp;Or, dans les n\u00e9gociations, il doit y avoir plusieurs parties qui sont en contradiction et qui discutent jusqu\u2019\u00e0 ce qu\u2019on arrive \u00e0 un consensus. S\u2019il n\u2019y a qu\u2019une seule partie qui dit la m\u00eame chose, \u00e7a ne s\u2019appelle pas consensus. Donc, je souhaite que cela soit modifi\u00e9, que les autres viennent. S\u2019ils ne viennent pas, je ne peux pas qualifier cela de dialogue. Et je veux que le pr\u00e9sident de la R\u00e9\u00adpublique se concentre sur les pr\u00e9occupations des S\u00e9n\u00e9galais, qui sont des d\u00e9fis s\u00e9curitaires, d\u00e9fis pour la jeunesse, pour le panier de la m\u00e9nag\u00e8re\u2026 Donc, je veux qu\u2019il y ait plus d\u2019\u00e9coute et qu\u2019il regarde et voie mieux. Comment ? Il ne peut le faire que s\u2019il est concentr\u00e9 sur les probl\u00e8mes des S\u00e9n\u00e9galais. Or, il n\u2019y a pas de concentration possible tant que cette affaire de troisi\u00e8me mandat n\u2019est pas r\u00e9gl\u00e9e. Ni oui ni non, il faut qu\u2019il dise maintenant non. Alors, c\u2019est dans ces conditions-l\u00e0 que cette concentration sera possible. Et il pourra mieux s\u2019occuper \u00e0 organiser les \u00e9lections pour 2024 et puis r\u00e9gler les d\u00e9fis, car il y a des d\u00e9fis s\u00e9curitaires graves. Aujourd\u2019\u00adhui, quand il y a violence, on dit que c\u2019est le 3\u00e8me mandat, alors qu\u2019il y a d\u2019autres questions graves qui peuvent \u00eatre \u00e0 l\u2019origine d\u2019une d\u00e9stabilisation du pays.<\/p>\n\n\n\n<p>Je veux qu\u2019il se concentre l\u00e0-dessus. Il est le principal responsable de la s\u00e9curit\u00e9 du pays. Il en a la responsabilit\u00e9 r\u00e9galienne. Or, si on ne s\u2019occupe que des d\u00e9tails du 3\u00e8me mandat, on ne va pas se concentrer sur le plus important.&nbsp;Donc, je veux que le parrainage soit mieux r\u00e9glement\u00e9 ou disparaisse carr\u00e9ment de notre syst\u00e8me juridique \u00e9lectoral.<\/p>\n\n\n\n<p><strong>Donc, vous \u00eates de ceux qui r\u00e9clament la suppression du parrainage ?<\/strong><br>Mais on ne sait pas ce qu\u2019est ce parrainage, avec ce probl\u00e8me de doublon. Les S\u00e9n\u00e9galais n\u2019ont pas la culture de parrainer une seule personne. Est-ce qu\u2019il faut changer pour dire qu\u2019un S\u00e9n\u00e9galais peut parrainer 2 ou 3 candidats en m\u00eame temps&nbsp;? Je ne sais pas. Est-ce qu\u2019il faut diminuer le nombre de parrainages exig\u00e9 ? Il faut qu\u2019on discute de ce parrainage. Comme je l\u2019ai toujours dit, le parrainage, tel qu\u2019il existe aujourd\u2019hui, est inhumain et d\u00e9gradant, et il viole le secret du vote.<\/p>\n\n\n\n<p>A l\u2019avance, on sait qui va voter pour qui, avec ce parrainage. Donc, je crois qu\u2019il y a des questions essentielles, mais il faut absolument que la composition du dialogue change. Le dialogue ne peut pas \u00eatre d\u2019un seul c\u00f4t\u00e9.<\/p>\n\n\n\n<p>On va parler et tout le monde va applaudir&nbsp;: il est le plus beau, le plus gentil\u2026 On n\u2019a pas besoin de \u00e7a. Chacun vient avec ses probl\u00e8mes, on se regarde les yeux dans les yeux, on voit ce qui est possible et ce qui ne l\u2019est pas, et puis on \u00e9value.<\/p>\n\n\n\n<p><strong>Le pays est sous tension depuis quelques mois. Pensez-vous aujourd\u2019hui que ce dialogue peut mettre fin aux querelles politiques afin que le S\u00e9n\u00e9gal retrouve enfin la s\u00e9r\u00e9nit\u00e9, gage d\u2019une vie paisible ?<\/strong><br>Pour moi, \u00e0 propos de ce dialogue, si la composition ne change pas, et bien, je n\u2019ai pas tellement d\u2019espoir. Tel que je le vois l\u00e0, o\u00f9 on dit vient dire&nbsp;: \u00abbonjour, tu es gentil, tu es beau\u00bb, ce n\u2019est pas \u00e7a un dialogue. Un dialogue, \u00e7a doit \u00eatre franc. On doit se dire la v\u00e9rit\u00e9. On ne doit pas se caresser dans le sens du poil. Or, c\u2019est ce que j\u2019ai ressenti aujourd\u2019hui. Et il faut vraiment, si on veut que ce dialogue r\u00e9ussisse, changer de fusil d\u2019\u00e9paule. Pendant le dernier dialogue, j\u2019avais sugg\u00e9r\u00e9 l\u2019organigramme avec ses commissions, mais je n\u2019ai assist\u00e9 qu\u2019\u00e0 une r\u00e9union et \u00e0 la deuxi\u00e8me, j\u2019ai quitt\u00e9 la table parce que je savais que ce n\u2019\u00e9tait pas sinc\u00e8re. Je ne veux pas que \u00e7a se reproduise aujourd\u2019hui.<\/p>\n\n\n\n<p><strong>Professeure d\u2019universit\u00e9 et ambassadrice de la paix. Quel appel voulez-vous lancer aux S\u00e9n\u00e9galais ?<\/strong><br>Les tensions, il faut que \u00e7a cesse. \u00c7a n\u2019arrange personne. Et ce n\u2019est bien pour personne. Toute personne qui fait de la violence est en train de d\u00e9truire le tissu social s\u00e9n\u00e9galais et de se d\u00e9truire lui-m\u00eame, de d\u00e9truire sa propre famille, de d\u00e9truire ses amis, de d\u00e9truire le Peuple. \u00c7a, c\u2019est \u00e9minemment n\u00e9gatif. Mais je dis qu\u2019il faut que la composition change. Si c\u2019est encore pour venir et dire les m\u00eames choses, on s\u2019arrange entre nous, on fait des deals, \u00e7a ne peut pas passer et \u00e7a va nous faire perdre du temps. Des deals positifs pour la soci\u00e9t\u00e9, on peut, mais des deals contre le Peuple, on dit non. Les deals contre le Peuple, je le dis, je le r\u00e9p\u00e8te&nbsp;: \u00abOn dit non aux deals contre le Peuple.\u00bb<br><strong>Propos recueillis par Ousmane SOW<\/strong><\/p>\n\n\n\n<p><span style=\"background-color: rgba(68, 68, 68, 0.2);\"><i>L<\/i><\/span><em>EQUOTIDIEN<\/em><\/p>\n","protected":false},"excerpt":{"rendered":"<p>: \u00abSi on ne s\u2019occupe que du 3\u00e8me mandat, on ne va pas se concentrer sur l\u2019essentiel\u00bb Le dialogue national<\/p>\n","protected":false},"author":1,"featured_media":13267,"comment_status":"open","ping_status":"open","sticky":false,"template":"","format":"standard","meta":{"footnotes":""},"categories":[21],"tags":[],"class_list":["post-13266","post","type-post","status-publish","format-standard","has-post-thumbnail","hentry","category-societe"],"_links":{"self":[{"href":"https:\/\/dekkbi.com\/index.php?rest_route=\/wp\/v2\/posts\/13266","targetHints":{"allow":["GET"]}}],"collection":[{"href":"https:\/\/dekkbi.com\/index.php?rest_route=\/wp\/v2\/posts"}],"about":[{"href":"https:\/\/dekkbi.com\/index.php?rest_route=\/wp\/v2\/types\/post"}],"author":[{"embeddable":true,"href":"https:\/\/dekkbi.com\/index.php?rest_route=\/wp\/v2\/users\/1"}],"replies":[{"embeddable":true,"href":"https:\/\/dekkbi.com\/index.php?rest_route=%2Fwp%2Fv2%2Fcomments&post=13266"}],"version-history":[{"count":2,"href":"https:\/\/dekkbi.com\/index.php?rest_route=\/wp\/v2\/posts\/13266\/revisions"}],"predecessor-version":[{"id":13269,"href":"https:\/\/dekkbi.com\/index.php?rest_route=\/wp\/v2\/posts\/13266\/revisions\/13269"}],"wp:featuredmedia":[{"embeddable":true,"href":"https:\/\/dekkbi.com\/index.php?rest_route=\/wp\/v2\/media\/13267"}],"wp:attachment":[{"href":"https:\/\/dekkbi.com\/index.php?rest_route=%2Fwp%2Fv2%2Fmedia&parent=13266"}],"wp:term":[{"taxonomy":"category","embeddable":true,"href":"https:\/\/dekkbi.com\/index.php?rest_route=%2Fwp%2Fv2%2Fcategories&post=13266"},{"taxonomy":"post_tag","embeddable":true,"href":"https:\/\/dekkbi.com\/index.php?rest_route=%2Fwp%2Fv2%2Ftags&post=13266"}],"curies":[{"name":"wp","href":"https:\/\/api.w.org\/{rel}","templated":true}]}}