{"id":13255,"date":"2023-06-02T09:16:50","date_gmt":"2023-06-02T09:16:50","guid":{"rendered":"https:\/\/dekkbi.com\/?p=13255"},"modified":"2023-06-02T09:16:52","modified_gmt":"2023-06-02T09:16:52","slug":"la-decision-de-justice-condamnant-ousmane-sonko-peut-etre-executee-a-tout-moment-selon-ismaila-madior-fall","status":"publish","type":"post","link":"https:\/\/dekkbi.com\/?p=13255","title":{"rendered":"La d\u00e9cision de justice condamnant Ousmane Sonko peut \u00eatre ex\u00e9cut\u00e9e \u2018\u2019\u00e0 tout moment\u2019\u2019, selon Isma\u00efla Madior Fall"},"content":{"rendered":"\n<p>Dakar, 2 juin (APS) \u2013 La condamnation de l\u2019opposant Ousmane Sonko \u00e0 deux ans de prison ferme pour \u2018\u2019corruption de la jeunesse\u2019\u2019 peut \u00eatre ex\u00e9cut\u00e9e \u00e0 \u2018\u2019tout moment\u2019\u2019, a d\u00e9clar\u00e9 le ministre de la Justice, Isma\u00efla Madior Fall.<\/p>\n\n\n\n<p>\u2018\u2019M\u00eame s\u2019il n\u2019y a pas de d\u00e9livrance de mandat d\u2019arr\u00eat, il faut dire qu\u2019on est en mati\u00e8re de contumace, ce qui veut dire que l\u2019accus\u00e9 ne s\u2019est pas pr\u00e9sent\u00e9. Et lorsque quelqu\u2019un est condamn\u00e9 par contumace, la mesure peut \u00e9videmment \u00eatre ex\u00e9cut\u00e9e \u00e0 tout moment\u2019\u2019, a dit M. Fall \u00e0 la presse \u00e9trang\u00e8re au S\u00e9n\u00e9gal.<\/p>\n\n\n\n<p>M. Sonko, maire de Ziguinchor (sud), a \u00e9t\u00e9 condamn\u00e9 jeudi par la chambre criminelle du tribunal de Dakar \u00e0 deux ans de prison ferme pour \u2018\u2019corruption de la jeunesse\u2019\u2019.<\/p>\n\n\n\n<p>Il ne s\u2019est pas pr\u00e9sent\u00e9 devant cette juridiction qui le jugeait pour viol et menaces de mort sur la personne d\u2019Adji Sarr, une ex-masseuse, employ\u00e9e d\u2019un salon de beaut\u00e9 \u00e0 Dakar.<\/p>\n\n\n\n<p>M. Sonko peut faire appel de la d\u00e9cision de la chambre criminelle dans un d\u00e9lai de quinze jours, si le procureur le fait arr\u00eater ou s\u2019il se constitue prisonnier, a expliqu\u00e9 \u00e0 la presse l\u2019avocat Ousmane Thiam, secr\u00e9taire g\u00e9n\u00e9ral de l\u2019Ordre des avocats du S\u00e9n\u00e9gal, \u00e0 la fin du proc\u00e8s.<\/p>\n\n\n\n<p>De violentes manifestations cons\u00e9cutives \u00e0 sa condamnation ont caus\u00e9 la mort de neuf personnes \u00e0 Dakar et \u00e0 Ziguinchor, une ville dont il est le maire, a d\u00e9clar\u00e9 le ministre de l\u2019Int\u00e9rieur, Antoine Diome.<\/p>\n\n\n\n<p>\u2018\u2019Nous avons constat\u00e9 des violences ayant entra\u00een\u00e9 des destructions sur des biens publics et priv\u00e9s. Ces violences ont malheureusement caus\u00e9 neuf d\u00e9c\u00e8s \u00e0 Dakar et \u00e0 Ziguinchor\u2019\u2019, a annonc\u00e9 M. Diome lors d\u2019un point de presse, dans la nuit de jeudi \u00e0 vendredi.<\/p>\n\n\n\n<p>En raison de ces violentes manifestations, \u2018\u2019l\u2019Etat du S\u00e9n\u00e9gal, en toute souverainet\u00e9, a d\u00e9cid\u00e9 de suspendre temporairement l\u2019usage de certaines applications digitales par lesquelles se font les appels \u00e0 la violence et \u00e0 la haine\u2019\u2019, a ajout\u00e9 M. Diome.<\/p>\n\n\n\n<p>ESF<\/p>\n","protected":false},"excerpt":{"rendered":"<p>Dakar, 2 juin (APS) \u2013 La condamnation de l\u2019opposant Ousmane Sonko \u00e0 deux ans de prison ferme pour \u2018\u2019corruption de<\/p>\n","protected":false},"author":1,"featured_media":4950,"comment_status":"open","ping_status":"open","sticky":false,"template":"","format":"standard","meta":{"footnotes":""},"categories":[6],"tags":[],"class_list":["post-13255","post","type-post","status-publish","format-standard","has-post-thumbnail","hentry","category-politics"],"_links":{"self":[{"href":"https:\/\/dekkbi.com\/index.php?rest_route=\/wp\/v2\/posts\/13255","targetHints":{"allow":["GET"]}}],"collection":[{"href":"https:\/\/dekkbi.com\/index.php?rest_route=\/wp\/v2\/posts"}],"about":[{"href":"https:\/\/dekkbi.com\/index.php?rest_route=\/wp\/v2\/types\/post"}],"author":[{"embeddable":true,"href":"https:\/\/dekkbi.com\/index.php?rest_route=\/wp\/v2\/users\/1"}],"replies":[{"embeddable":true,"href":"https:\/\/dekkbi.com\/index.php?rest_route=%2Fwp%2Fv2%2Fcomments&post=13255"}],"version-history":[{"count":1,"href":"https:\/\/dekkbi.com\/index.php?rest_route=\/wp\/v2\/posts\/13255\/revisions"}],"predecessor-version":[{"id":13256,"href":"https:\/\/dekkbi.com\/index.php?rest_route=\/wp\/v2\/posts\/13255\/revisions\/13256"}],"wp:featuredmedia":[{"embeddable":true,"href":"https:\/\/dekkbi.com\/index.php?rest_route=\/wp\/v2\/media\/4950"}],"wp:attachment":[{"href":"https:\/\/dekkbi.com\/index.php?rest_route=%2Fwp%2Fv2%2Fmedia&parent=13255"}],"wp:term":[{"taxonomy":"category","embeddable":true,"href":"https:\/\/dekkbi.com\/index.php?rest_route=%2Fwp%2Fv2%2Fcategories&post=13255"},{"taxonomy":"post_tag","embeddable":true,"href":"https:\/\/dekkbi.com\/index.php?rest_route=%2Fwp%2Fv2%2Ftags&post=13255"}],"curies":[{"name":"wp","href":"https:\/\/api.w.org\/{rel}","templated":true}]}}