{"id":13250,"date":"2023-06-02T09:06:31","date_gmt":"2023-06-02T09:06:31","guid":{"rendered":"https:\/\/dekkbi.com\/?p=13250"},"modified":"2023-06-02T09:06:32","modified_gmt":"2023-06-02T09:06:32","slug":"emeutes-sadio-mane-regrette-trop-de-sang-coule-et-appelle-a-un-retour-a-la-paix","status":"publish","type":"post","link":"https:\/\/dekkbi.com\/?p=13250","title":{"rendered":"\u00a0Emeutes : Sadio Man\u00e9 regrette \u00ab trop de sang coul\u00e9 \u00bb et appelle \u00e0 un retour \u00e0 la paix"},"content":{"rendered":"\n<h3 class=\"wp-block-heading\">L\u2019international s\u00e9n\u00e9galais de football, Sadio Man\u00e9 a invit\u00e9, jeudi, \u00ab les parties prenantes de la nation s\u00e9n\u00e9galaise \u00e0 \u00ab unir imm\u00e9diatement leurs efforts pour faire revenir la paix \u00bb dans le pays.<\/h3>\n\n\n\n<p>\u00ab Trop de sang a d\u00e9j\u00e0 coul\u00e9 depuis deux ans. Attention, nous devons pr\u00e9server notre jeunesse, c\u2019est notre premi\u00e8re richesse \u00bb, a r\u00e9agi le joueur du Bayern Munich (\u00e9lite allemande) sur son compte Instagram.<\/p>\n\n\n\n<p>\u00ab J\u2019aime le S\u00e9n\u00e9gal \u00bb, a d\u00e9clar\u00e9 l\u2019ailier des Lions qui a illustr\u00e9 son message avec une photo des couleurs nationales.<\/p>\n\n\n\n<p>D\u2019autres footballeurs s\u00e9n\u00e9galais, comme Famara Di\u00e9dhiou d\u2019Alanyaspor (Turquie) et Mamadou Lamine Gu\u00e8ye de Metz (Ligue 2 fran\u00e7aise) ont d\u00e9plor\u00e9 la situation et en appellent \u00e0 la \u00ab s\u00e9r\u00e9nit\u00e9, la paix et au calme. \u00bb<\/p>\n\n\n\n<p>De violentes manifestations ont eu lieu dans plusieurs quartiers et villes s\u00e9n\u00e9galaises pour protester contre la condamnation de l\u2019opposant Ousmane Sonko.<\/p>\n\n\n\n<p>Le leader des Patriotes africains du S\u00e9n\u00e9gal pour le travail, l\u2019\u00e9thique et la fraternit\u00e9 (PASTEF), a \u00e9t\u00e9 condamn\u00e9 jeudi \u00e0 deux ans de prison ferme pour \u00ab corruption de la jeunesse \u00bb.<\/p>\n\n\n\n<p>Au Total neuf personnes ont \u00e9t\u00e9 tu\u00e9es entre Dakar et Ziguinchor (sud) ville dont l\u2019opposant est le maire.<\/p>\n\n\n\n<p>( Les News )<\/p>\n","protected":false},"excerpt":{"rendered":"<p>L\u2019international s\u00e9n\u00e9galais de football, Sadio Man\u00e9 a invit\u00e9, jeudi, \u00ab les parties prenantes de la nation s\u00e9n\u00e9galaise \u00e0 \u00ab unir<\/p>\n","protected":false},"author":1,"featured_media":3191,"comment_status":"open","ping_status":"open","sticky":false,"template":"","format":"standard","meta":{"footnotes":""},"categories":[26],"tags":[],"class_list":["post-13250","post","type-post","status-publish","format-standard","has-post-thumbnail","hentry","category-fait-divers"],"_links":{"self":[{"href":"https:\/\/dekkbi.com\/index.php?rest_route=\/wp\/v2\/posts\/13250","targetHints":{"allow":["GET"]}}],"collection":[{"href":"https:\/\/dekkbi.com\/index.php?rest_route=\/wp\/v2\/posts"}],"about":[{"href":"https:\/\/dekkbi.com\/index.php?rest_route=\/wp\/v2\/types\/post"}],"author":[{"embeddable":true,"href":"https:\/\/dekkbi.com\/index.php?rest_route=\/wp\/v2\/users\/1"}],"replies":[{"embeddable":true,"href":"https:\/\/dekkbi.com\/index.php?rest_route=%2Fwp%2Fv2%2Fcomments&post=13250"}],"version-history":[{"count":1,"href":"https:\/\/dekkbi.com\/index.php?rest_route=\/wp\/v2\/posts\/13250\/revisions"}],"predecessor-version":[{"id":13251,"href":"https:\/\/dekkbi.com\/index.php?rest_route=\/wp\/v2\/posts\/13250\/revisions\/13251"}],"wp:featuredmedia":[{"embeddable":true,"href":"https:\/\/dekkbi.com\/index.php?rest_route=\/wp\/v2\/media\/3191"}],"wp:attachment":[{"href":"https:\/\/dekkbi.com\/index.php?rest_route=%2Fwp%2Fv2%2Fmedia&parent=13250"}],"wp:term":[{"taxonomy":"category","embeddable":true,"href":"https:\/\/dekkbi.com\/index.php?rest_route=%2Fwp%2Fv2%2Fcategories&post=13250"},{"taxonomy":"post_tag","embeddable":true,"href":"https:\/\/dekkbi.com\/index.php?rest_route=%2Fwp%2Fv2%2Ftags&post=13250"}],"curies":[{"name":"wp","href":"https:\/\/api.w.org\/{rel}","templated":true}]}}