{"id":13236,"date":"2023-06-02T08:50:59","date_gmt":"2023-06-02T08:50:59","guid":{"rendered":"https:\/\/dekkbi.com\/?p=13236"},"modified":"2023-06-02T09:44:22","modified_gmt":"2023-06-02T09:44:22","slug":"manifestations-antoine-diome-annonce-9-morts","status":"publish","type":"post","link":"https:\/\/dekkbi.com\/?p=13236","title":{"rendered":"Manifestations : Antoine Diome annonce 9 morts enregistr\u00e9s sur Dakar et Ziguinchor."},"content":{"rendered":"\n<p>iGFM &#8211; (Dakar) Antoine F\u00e9lixe Diome, le ministre de l\u2019int\u00e9rieur, vient de faire face \u00e0 la presse pour faire le point sur les manifestations de ce jeudi. Il a annonc\u00e9 que 9 morts ont \u00e9t\u00e9 enregistr\u00e9s sur Dakar et Ziguinchor.<\/p>\n\n\n\n<p>\u00abSuite \u00e0 un diff\u00e9rend opposant une jeune s\u00e9n\u00e9galaise au chef du parti Pastef, les juridictions de notre pays ont rendu un jugement ce jeudi.&nbsp;Nous avons constat\u00e9 avec regret des violences ayant entrain\u00e9 des destructions sur des biens publics et priv\u00e9s malheureusement &nbsp;9 d\u00e9c\u00e8s &nbsp;ont \u00e9t\u00e9 enregistr\u00e9s \u00e0 Dakar et Ziguinchor\u00bb, a d\u00e9clar\u00e9 le ministre de l&rsquo;Int\u00e9rieur Antoine Abdoulaye F\u00e9lix Diome, face \u00e0 la presse.<\/p>\n","protected":false},"excerpt":{"rendered":"<p>iGFM &#8211; (Dakar) Antoine F\u00e9lixe Diome, le ministre de l\u2019int\u00e9rieur, vient de faire face \u00e0 la presse pour faire le<\/p>\n","protected":false},"author":1,"featured_media":13237,"comment_status":"open","ping_status":"open","sticky":false,"template":"","format":"standard","meta":{"footnotes":""},"categories":[26],"tags":[],"class_list":["post-13236","post","type-post","status-publish","format-standard","has-post-thumbnail","hentry","category-fait-divers"],"_links":{"self":[{"href":"https:\/\/dekkbi.com\/index.php?rest_route=\/wp\/v2\/posts\/13236","targetHints":{"allow":["GET"]}}],"collection":[{"href":"https:\/\/dekkbi.com\/index.php?rest_route=\/wp\/v2\/posts"}],"about":[{"href":"https:\/\/dekkbi.com\/index.php?rest_route=\/wp\/v2\/types\/post"}],"author":[{"embeddable":true,"href":"https:\/\/dekkbi.com\/index.php?rest_route=\/wp\/v2\/users\/1"}],"replies":[{"embeddable":true,"href":"https:\/\/dekkbi.com\/index.php?rest_route=%2Fwp%2Fv2%2Fcomments&post=13236"}],"version-history":[{"count":3,"href":"https:\/\/dekkbi.com\/index.php?rest_route=\/wp\/v2\/posts\/13236\/revisions"}],"predecessor-version":[{"id":13278,"href":"https:\/\/dekkbi.com\/index.php?rest_route=\/wp\/v2\/posts\/13236\/revisions\/13278"}],"wp:featuredmedia":[{"embeddable":true,"href":"https:\/\/dekkbi.com\/index.php?rest_route=\/wp\/v2\/media\/13237"}],"wp:attachment":[{"href":"https:\/\/dekkbi.com\/index.php?rest_route=%2Fwp%2Fv2%2Fmedia&parent=13236"}],"wp:term":[{"taxonomy":"category","embeddable":true,"href":"https:\/\/dekkbi.com\/index.php?rest_route=%2Fwp%2Fv2%2Fcategories&post=13236"},{"taxonomy":"post_tag","embeddable":true,"href":"https:\/\/dekkbi.com\/index.php?rest_route=%2Fwp%2Fv2%2Ftags&post=13236"}],"curies":[{"name":"wp","href":"https:\/\/api.w.org\/{rel}","templated":true}]}}