{"id":13233,"date":"2023-06-02T08:47:22","date_gmt":"2023-06-02T08:47:22","guid":{"rendered":"https:\/\/dekkbi.com\/?p=13233"},"modified":"2023-06-02T08:47:23","modified_gmt":"2023-06-02T08:47:23","slug":"petits-commerces-et-marches-fermes-transports-a-larret-encore-une-journee-morose-pour-leconomie-nationale","status":"publish","type":"post","link":"https:\/\/dekkbi.com\/?p=13233","title":{"rendered":"Petits commerces et march\u00e9s ferm\u00e9s, transports \u00e0 l\u2019arr\u00eat : encore une journ\u00e9e morose pour l\u2019\u00e9conomie nationale"},"content":{"rendered":"\n<p><strong>Toute l\u2019activit\u00e9 \u00e9conomique \u00e9tait paralys\u00e9e hier, jeudi 1<sup>er<\/sup>&nbsp;juin, suite \u00e0 l\u2019annonce du verdict&nbsp; du proc\u00e8s opposant le leader du Pastef Ousmane Sonko&nbsp; \u00e0 la masseuse du salon \u00abSweet Beauty\u00bb, Adji Sarr. A cause des violents affrontements qui ont secou\u00e9 le pays, particuli\u00e8rement la capitale, les commerces, boutiques et transports, \u00e9taient tous \u00e0 l\u2019arr\u00eat. Une situation qui peut engendrer des pertes \u00e9normes sur le plan \u00e9conomique.<\/strong><\/p>\n\n\n\n<p>De violentes manifestations ont \u00e9t\u00e9 not\u00e9es hier, jeudi 1<sup>e<\/sup>&nbsp;juin, sur l\u2019\u00e9tendue du territoire national, suite \u00e0 l\u2019annonce du verdict du proc\u00e8s opposant Ousmane Sonko \u00e0 la masseuse du salon \u00abSweet Beauty\u00bb Adji Sarr, condamnant le leader du Pastef \u00e0 une peine de 2 ans de prison ferme pour \u00ab&nbsp;corruption \u00e0 la jeunesse&nbsp;\u00bb. Partout \u00e0 Dakar, des jeunes d\u00e9cid\u00e9s de porter le combat de Sonko, ont br\u00fbl\u00e9 des pneus et saccag\u00e9 des biens publics et priv\u00e9s.<\/p>\n\n\n\n<p>Une situation qui n\u2019a pas surpris beaucoup de monde, car, la plupart des S\u00e9n\u00e9galais s\u2019y attendaient, au regard de l\u2019ampleur de cette affaire&nbsp; qui a fait couler beaucoup d\u2019encre et de salive. Ainsi, pour prendre les devants, les&nbsp; march\u00e9s, les&nbsp; petits commerces, les grandes surfaces, le secteur du transport, entre autres \u00e9taient tous \u00e0 l\u2019arr\u00eat par peur de subir la furie des manifestants. Beaucoup de restaurants et&nbsp;<em>\u00abfast-food\u00bb<\/em>&nbsp;de la place ont \u00e9galement ferm\u00e9 boutique par mesure de s\u00e9curit\u00e9. Presque toutes les activit\u00e9s \u00e9conomiques&nbsp; \u00e9taient au ralenti. Un manque \u00e9norme \u00e0 gagner pour ces gens qui s\u2019activent dans le secteur informel. Beaucoup de S\u00e9n\u00e9galais n\u2019ont pas non plus&nbsp; pu rallier leurs lieux de travail par faute de moyens de transport. Parce que les bus publics, notamment ceux de la soci\u00e9t\u00e9 Dakar Dem Dikk, \u00e9taient stationn\u00e9s. Certaines &nbsp;stations-service n\u2019ont pas fonctionn\u00e9 car \u00e9tant aussi cibl\u00e9es par les manifestants. Les taxis, les cars rapides, Ndiaga Ndiaye, les clandos, les minibus \u00e9galement ont \u00e9t\u00e9 tous oblig\u00e9s \u00e0 un certain moment de se retirer de la circulation.<\/p>\n\n\n\n<p>Les motos&nbsp;<em>\u00abthiak thiak\u00bb<\/em>, les motocyclettes\/cyclomoteurs sp\u00e9cialis\u00e9s dans les livraisons \u00e0 domicile et le transport de personnes n\u2019ont pu rouler du fait d\u2019 un arr\u00eat\u00e9 du gouverneur de la r\u00e9gion de Dakar avait d\u00e9j\u00e0 interdit leur circulation.<\/p>\n\n\n\n<p>Durant toute&nbsp; une journ\u00e9e, il n\u2019y a pas d\u2019interactions \u00e9conomiques. Ce&nbsp; qui pourrait avoir des cons\u00e9quences n\u00e9gatives sur le d\u00e9veloppement du pays.<\/p>\n\n\n\n<p><strong>NDEYE AMINATA CISSE<\/strong><\/p>\n\n\n\n<p>SUDQUOTIDIEN<\/p>\n","protected":false},"excerpt":{"rendered":"<p>Toute l\u2019activit\u00e9 \u00e9conomique \u00e9tait paralys\u00e9e hier, jeudi 1er&nbsp;juin, suite \u00e0 l\u2019annonce du verdict&nbsp; du proc\u00e8s opposant le leader du Pastef<\/p>\n","protected":false},"author":1,"featured_media":13234,"comment_status":"open","ping_status":"open","sticky":false,"template":"","format":"standard","meta":{"footnotes":""},"categories":[3],"tags":[],"class_list":["post-13233","post","type-post","status-publish","format-standard","has-post-thumbnail","hentry","category-event-more-news"],"_links":{"self":[{"href":"https:\/\/dekkbi.com\/index.php?rest_route=\/wp\/v2\/posts\/13233","targetHints":{"allow":["GET"]}}],"collection":[{"href":"https:\/\/dekkbi.com\/index.php?rest_route=\/wp\/v2\/posts"}],"about":[{"href":"https:\/\/dekkbi.com\/index.php?rest_route=\/wp\/v2\/types\/post"}],"author":[{"embeddable":true,"href":"https:\/\/dekkbi.com\/index.php?rest_route=\/wp\/v2\/users\/1"}],"replies":[{"embeddable":true,"href":"https:\/\/dekkbi.com\/index.php?rest_route=%2Fwp%2Fv2%2Fcomments&post=13233"}],"version-history":[{"count":1,"href":"https:\/\/dekkbi.com\/index.php?rest_route=\/wp\/v2\/posts\/13233\/revisions"}],"predecessor-version":[{"id":13235,"href":"https:\/\/dekkbi.com\/index.php?rest_route=\/wp\/v2\/posts\/13233\/revisions\/13235"}],"wp:featuredmedia":[{"embeddable":true,"href":"https:\/\/dekkbi.com\/index.php?rest_route=\/wp\/v2\/media\/13234"}],"wp:attachment":[{"href":"https:\/\/dekkbi.com\/index.php?rest_route=%2Fwp%2Fv2%2Fmedia&parent=13233"}],"wp:term":[{"taxonomy":"category","embeddable":true,"href":"https:\/\/dekkbi.com\/index.php?rest_route=%2Fwp%2Fv2%2Fcategories&post=13233"},{"taxonomy":"post_tag","embeddable":true,"href":"https:\/\/dekkbi.com\/index.php?rest_route=%2Fwp%2Fv2%2Ftags&post=13233"}],"curies":[{"name":"wp","href":"https:\/\/api.w.org\/{rel}","templated":true}]}}