{"id":13220,"date":"2023-06-01T10:59:15","date_gmt":"2023-06-01T10:59:15","guid":{"rendered":"https:\/\/dekkbi.com\/?p=13220"},"modified":"2023-06-01T10:59:17","modified_gmt":"2023-06-01T10:59:17","slug":"au-soudan-les-exactions-se-multiplient-apres-la-rupture-des-negociations","status":"publish","type":"post","link":"https:\/\/dekkbi.com\/?p=13220","title":{"rendered":"Au Soudan, les exactions se multiplient apr\u00e8s la rupture des n\u00e9gociations"},"content":{"rendered":"\n<p>Une vingtaine de civils ont \u00e9t\u00e9 tu\u00e9s dans des bombardements sur un march\u00e9 de Khartoum, dernier \u00e9pisode meurtrier d&rsquo;une guerre qui ne conna\u00eet pas de r\u00e9pit jeudi apr\u00e8s le retrait de l&rsquo;arm\u00e9e des n\u00e9gociations en vue d&rsquo;un cessez-le-feu.<\/p>\n\n\n\n<p>Depuis le d\u00e9but des combats le 15 avril, l&rsquo;arm\u00e9e du g\u00e9n\u00e9ral Abdel Fattah al-Burhane et les paramilitaires des Forces de soutien rapide (FSR) du g\u00e9n\u00e9ral Mohamed Hamdane Daglo ont accept\u00e9 une dizaine de tr\u00eaves avant de les violer aussit\u00f4t.<\/p>\n\n\n\n<p>Les Etats-Unis qui supervisaient depuis pr\u00e8s d&rsquo;un mois, avec l&rsquo;Arabie saoudite, des discussions entre les deux camps ont d\u00e9nonc\u00e9 jeudi de \u00ab\u00a0graves violations\u00a0\u00bb, mais sans activer les \u00ab\u00a0sanctions\u00a0\u00bb qu&rsquo;ils brandissaient il y a quelques semaines.<\/p>\n\n\n\n<p>Fichier vid\u00e9o<\/p>\n\n\n\n<p><video controls=\"controls\" width=\"640\" height=\"360\"><\/video>\u00ab\u00a0Les Etats-Unis et le royaume d&rsquo;Arabie saoudite sont pr\u00eats \u00e0 reprendre la facilitation des discussions\u00a0\u00bb, a d\u00e9clar\u00e9 jeudi un porte-parole du d\u00e9partement d&rsquo;Etat am\u00e9ricain, au lendemain du retrait de ces discussions en Arabie saoudite des \u00e9missaires de l&rsquo;arm\u00e9e.<\/p>\n\n\n\n<p>Mais \u00e0 une condition: \u00ab\u00a0une fois que les forces auront montr\u00e9 clairement par leurs actions qu&rsquo;elles veulent s\u00e9rieusement respecter le cessez-le-feu\u00a0\u00bb.<\/p>\n\n\n\n<h2 class=\"wp-block-heading\">\u00ab\u00a0Situation catastrophique\u00a0\u00bb<\/h2>\n\n\n\n<p>Sur le terrain, les violences ne connaissent pas de r\u00e9pit. Mercredi, \u00ab\u00a018 civils ont \u00e9t\u00e9 tu\u00e9s et 106 autres bless\u00e9s\u00a0\u00bb par les tirs d&rsquo;artillerie et les bombardements a\u00e9riens de l&rsquo;arm\u00e9e sur un march\u00e9 dans le sud de Khartoum, rapporte un comit\u00e9 d&rsquo;avocats des droits humains.<\/p>\n\n\n\n<figure class=\"wp-block-image\"><img decoding=\"async\" src=\"https:\/\/information.tv5monde.com\/sites\/tv5-info\/files\/styles\/entete\/public\/2023-06\/field_media_image-2704075-ca4406e570b19a8229ef4782dfc1ce795a662e00.jpg?itok=YqnKO9pK\" alt=\"De la fum\u00e9e au-dessus de Khartoum pendant des combats entre l'arm\u00e9e et les paramilitaires, le 29 mai 2023 au Soudan\" title=\"De la fum\u00e9e au-dessus de Khartoum pendant des combats entre l'arm\u00e9e et les paramilitaires, le 29 mai 2023 au Soudan\"\/><\/figure>\n\n\n\n<p>De la fum\u00e9e au-dessus de Khartoum pendant des combats entre l&rsquo;arm\u00e9e et les paramilitaires, le 29 mai 2023 au Soudan<\/p>\n\n\n\n<p>AFP<\/p>\n\n\n\n<p>&#8211;<\/p>\n\n\n\n<p>Confirmant ce bilan, le \u00ab\u00a0comit\u00e9 de r\u00e9sistance\u00a0\u00bb du quartier des victimes, qui organise l&rsquo;entraide entre les habitants, a d\u00e9nonc\u00e9 une \u00ab\u00a0situation catastrophique\u00a0\u00bb, lan\u00e7ant un appel \u00ab\u00a0urgent\u00a0\u00bb pour \u00ab\u00a0des m\u00e9decins et des dons de sang\u00a0\u00bb.<\/p>\n\n\n\n<p>Au m\u00eame moment, les FSR tiraient sur des civils \u00ab\u00a0qui voulaient les emp\u00eacher de voler la voiture de l&rsquo;un d&rsquo;eux\u00a0\u00bb, indique le comit\u00e9 d&rsquo;avocats. \u00ab\u00a0Trois civils sont morts apr\u00e8s avoir \u00e9t\u00e9 touch\u00e9s par des balles et emp\u00each\u00e9s par les FSR d&rsquo;aller \u00e0 l&rsquo;h\u00f4pital\u00a0\u00bb.<\/p>\n\n\n\n<p>L&rsquo;arm\u00e9e a \u00e9galement bombard\u00e9 mercredi \u00e0 l&rsquo;artillerie lourde les bases des FSR \u00e0 Khartoum, install\u00e9es de longue date au coeur de quartiers r\u00e9sidentiels, ont rapport\u00e9 des habitants \u00e0 l&rsquo;AFP.<\/p>\n\n\n\n<p>Au 48e jour de combats ininterrompus, qui ont d\u00e9j\u00e0 fait plus de 1.800 morts selon l&rsquo;ONG ACLED, plus d&rsquo;un million de personnes, principalement des Soudanais mais aussi des r\u00e9fugi\u00e9s au Soudan, sont d\u00e9plac\u00e9s dans le pays.<\/p>\n\n\n\n<p>Heba Rachid a fui Khartoum pour Port-Soudan (est), dans l&rsquo;espoir de trouver un donateur pour lui payer un billet d&rsquo;avion ou de bateau vers l&rsquo;\u00e9tranger.<\/p>\n\n\n\n<p>\u00ab\u00a0Les FSR ont tout d\u00e9truit chez nous\u00a0\u00bb, raconte-t-elle \u00e0 l&rsquo;AFP. Et aujourd&rsquo;hui, \u00e0 Port-Soudan, \u00ab\u00a0on ne sait pas comment trouver \u00e0 manger ni soigner nos enfants\u00a0\u00bb, ajoute-t-elle.<\/p>\n\n\n\n<figure class=\"wp-block-image\"><img decoding=\"async\" src=\"https:\/\/information.tv5monde.com\/sites\/tv5-info\/files\/styles\/entete\/public\/2023-06\/field_media_image-2704077-f60bc444886980f9ae1ab9fca42cfde383ab0edb.jpg?itok=LZAuaN7D\" alt=\"Soudan : plus de 1 800 tu\u00e9s dans les combats, frappes et violences contre des civils\" title=\"Soudan : plus de 1 800 tu\u00e9s dans les combats, frappes et violences contre des civils\"\/><\/figure>\n\n\n\n<p>Nombre de personnes tu\u00e9es dans les combats, frappes et attaques de civils r\u00e9pertori\u00e9s au Soudan entre le 15 avril et le 19 mai 2023 par l&rsquo;ONG Acled<\/p>\n\n\n\n<p>AFP<\/p>\n\n\n\n<p>Sophie RAMIS, Nalini LEPETIT-CHELLA, Laurence SAUBADU<\/p>\n\n\n\n<p>Selon l&rsquo;Unicef, plus de 13,6 millions d&rsquo;enfants ont besoin d&rsquo;aide humanitaire au Soudan, dont \u00ab\u00a0620.000 en \u00e9tat de malnutrition aigu\u00eb qui, pour moiti\u00e9, pourraient mourir s&rsquo;ils ne sont pas aid\u00e9s \u00e0 temps\u00a0\u00bb.<\/p>\n\n\n\n<p>En outre, 350.000 autres personnes ont fui dans les pays voisins: la moiti\u00e9 en Egypte, les autres au Tchad, au Soudan du Sud, en Centrafrique ou en Ethiopie, tous en proie \u00e0 des violences et qui redoutent une contagion.<\/p>\n\n\n\n<p>Car la situation devient chaque jour plus critique: le Soudan est au bord de la famine selon l&rsquo;ONU et la saison des pluies approche avec le risque d&rsquo;\u00e9pid\u00e9mies.<\/p>\n\n\n\n<h2 class=\"wp-block-heading\">Darfour coup\u00e9 du monde<\/h2>\n\n\n\n<p>Toujours aucun couloir n&rsquo;a \u00e9t\u00e9 d\u00e9gag\u00e9 pour permettre le passage de l&rsquo;aide humanitaire, dont ont d\u00e9sormais besoin 25 des 45 millions de Soudanais selon l&rsquo;ONU. Les rares cargaisons qui ont pu \u00eatre achemin\u00e9es ne couvrent qu&rsquo;une infime partie des immenses besoins.<\/p>\n\n\n\n<figure class=\"wp-block-image\"><img decoding=\"async\" src=\"https:\/\/information.tv5monde.com\/sites\/tv5-info\/files\/styles\/entete\/public\/2023-06\/field_media_image-2704079-075b2e96a59fd3b24d5abf7f543425a57c5113e9.jpg?itok=aoV_u3l2\" alt=\"Des habitants attendent un bus pour quitter Khartoum pendant des combats entre l'arm\u00e9e et les paramilitaires, le 30 mai 2023 au Soudan\" title=\"Des habitants attendent un bus pour quitter Khartoum pendant des combats entre l'arm\u00e9e et les paramilitaires, le 30 mai 2023 au Soudan\"\/><\/figure>\n\n\n\n<p>Des habitants attendent un bus pour quitter Khartoum pendant des combats entre l&rsquo;arm\u00e9e et les paramilitaires, le 30 mai 2023 au Soudan<\/p>\n\n\n\n<p>AFP<\/p>\n\n\n\n<p>&#8211;<\/p>\n\n\n\n<p>D\u00e9j\u00e0 avant la guerre, un Soudanais sur trois souffrait de la faim, les longues coupures d&rsquo;\u00e9lectricit\u00e9 \u00e9taient quotidiennes et le syst\u00e8me de sant\u00e9 au bord de l&rsquo;\u00e9croulement.<\/p>\n\n\n\n<p>Les combats sont les plus violents au Darfour, frontalier du Tchad, dont certaines zones sont totalement coup\u00e9es du monde, sans \u00e9lectricit\u00e9 ni t\u00e9l\u00e9phone.<\/p>\n\n\n\n<p>L\u00e0, de nouveaux appels \u00e0 armer les civils font redouter une \u00ab\u00a0guerre civile totale\u00a0\u00bb, selon le bloc civil \u00e9vinc\u00e9 du pouvoir par le du putsch de 2021 des deux g\u00e9n\u00e9raux alors alli\u00e9s.<\/p>\n\n\n\n<p>Depuis le d\u00e9but de la guerre, le syndicat des m\u00e9decins d\u00e9nonce l&rsquo;occupation de plusieurs h\u00f4pitaux par des bellig\u00e9rants. Les trois-quarts des h\u00f4pitaux dans les zones de combat sont hors d&rsquo;usage, les autres doivent composer avec des r\u00e9serves quasiment vides et des g\u00e9n\u00e9rateurs \u00e0 l&rsquo;arr\u00eat faute de carburant.<\/p>\n","protected":false},"excerpt":{"rendered":"<p>Une vingtaine de civils ont \u00e9t\u00e9 tu\u00e9s dans des bombardements sur un march\u00e9 de Khartoum, dernier \u00e9pisode meurtrier d&rsquo;une guerre<\/p>\n","protected":false},"author":1,"featured_media":13221,"comment_status":"open","ping_status":"open","sticky":false,"template":"","format":"standard","meta":{"footnotes":""},"categories":[51],"tags":[],"class_list":["post-13220","post","type-post","status-publish","format-standard","has-post-thumbnail","hentry","category-general"],"_links":{"self":[{"href":"https:\/\/dekkbi.com\/index.php?rest_route=\/wp\/v2\/posts\/13220","targetHints":{"allow":["GET"]}}],"collection":[{"href":"https:\/\/dekkbi.com\/index.php?rest_route=\/wp\/v2\/posts"}],"about":[{"href":"https:\/\/dekkbi.com\/index.php?rest_route=\/wp\/v2\/types\/post"}],"author":[{"embeddable":true,"href":"https:\/\/dekkbi.com\/index.php?rest_route=\/wp\/v2\/users\/1"}],"replies":[{"embeddable":true,"href":"https:\/\/dekkbi.com\/index.php?rest_route=%2Fwp%2Fv2%2Fcomments&post=13220"}],"version-history":[{"count":1,"href":"https:\/\/dekkbi.com\/index.php?rest_route=\/wp\/v2\/posts\/13220\/revisions"}],"predecessor-version":[{"id":13222,"href":"https:\/\/dekkbi.com\/index.php?rest_route=\/wp\/v2\/posts\/13220\/revisions\/13222"}],"wp:featuredmedia":[{"embeddable":true,"href":"https:\/\/dekkbi.com\/index.php?rest_route=\/wp\/v2\/media\/13221"}],"wp:attachment":[{"href":"https:\/\/dekkbi.com\/index.php?rest_route=%2Fwp%2Fv2%2Fmedia&parent=13220"}],"wp:term":[{"taxonomy":"category","embeddable":true,"href":"https:\/\/dekkbi.com\/index.php?rest_route=%2Fwp%2Fv2%2Fcategories&post=13220"},{"taxonomy":"post_tag","embeddable":true,"href":"https:\/\/dekkbi.com\/index.php?rest_route=%2Fwp%2Fv2%2Ftags&post=13220"}],"curies":[{"name":"wp","href":"https:\/\/api.w.org\/{rel}","templated":true}]}}