{"id":13209,"date":"2023-06-01T10:38:36","date_gmt":"2023-06-01T10:38:36","guid":{"rendered":"https:\/\/dekkbi.com\/?p=13209"},"modified":"2023-06-01T10:38:38","modified_gmt":"2023-06-01T10:38:38","slug":"les-turcs-dallemagne-les-elections-et-le-president-erdogan","status":"publish","type":"post","link":"https:\/\/dekkbi.com\/?p=13209","title":{"rendered":"Les Turcs d\u2019Allemagne, les \u00e9lections et le pr\u00e9sident Erdogan"},"content":{"rendered":"\n<p>Les \u00e9lections en Turquie qui ont d\u00e9bouch\u00e9 sur une nouvelle victoire du pr\u00e9sident Erdogan ont \u00e9t\u00e9 intens\u00e9ment suivies en Allemagne, o\u00f9 vit la plus grande diaspora turque. Des supporters du vainqueur fraichement r\u00e9\u00e9lu ont f\u00eat\u00e9 sa victoire dans les rues de plusieurs grandes villes allemandes. Le pr\u00e9sident turc a obtenu le soutien des deux tiers des votants dans ce pays. Un succ\u00e8s qui suscite des critiques en Allemagne.\u00a0<\/p>\n\n\n\n<p><\/p>\n\n\n\n<p><em>de notre correspondant \u00e0 Berlin,<\/em> RFI<\/p>\n\n\n\n<p>Une majorit\u00e9 d\u2019immigr\u00e9s turcs venus en Allemagne sont originaires d\u2019Anatolie o\u00f9 l\u2019AKP, le parti du pr\u00e9sident Erdogan est bien implant\u00e9. Ce sont souvent des personnes conservatrices et religieuses qui se retrouvent dans les valeurs d\u00e9fendues par le pr\u00e9sident turc. Des valeurs transmises aux plus jeunes g\u00e9n\u00e9rations.<\/p>\n\n\n\n<p>Cela se retrouve dans le vote r\u00e9gional. \u00c0 Berlin, o\u00f9 la communaut\u00e9 turque est plus diverse avec des Kurdes ou des opposants politiques d\u2019Erdogan, le pr\u00e9sident r\u00e9\u00e9lu n\u2019a pas franchi la barre des 50%, dimanche 28 mai. Dans la ville d&rsquo;Essen, il a recueilli en revanche pr\u00e8s de 80% des voix. Par ailleurs, l\u2019AKP, plus que l\u2019opposition, est bien implant\u00e9e dans les organisations et autres mosqu\u00e9es de la diaspora.<\/p>\n\n\n\n<p>Les m\u00e9dias turcs, avec parfois des \u00e9ditions allemandes,&nbsp;sont tr\u00e8s suivis, et comme en Turquie,&nbsp;<a href=\"https:\/\/www.rfi.fr\/fr\/podcasts\/chronique-des-m%C3%A9dias\/20230512-la-libert%C3%A9-des-m%C3%A9dias-en-turquie\"><strong>proches du pouvoir<\/strong><\/a>. Il y a enfin un r\u00e9flexe identitaire exploit\u00e9 par Erdogan&nbsp;: la carte nationaliste, qu\u2019il joue, parle \u00e0 ses concitoyens en Allemagne qui ne sentent pas toujours bien accept\u00e9s.<\/p>\n\n\n\n<h2 class=\"wp-block-heading\">Un nombre de votants moins important que de sympathisants<\/h2>\n\n\n\n<p>Mais ce soutien important des Turcs d\u2019Allemagne pour le pr\u00e9sident Erdogan et son parti doivent \u00eatre nuanc\u00e9s. Dire que les Turcs d\u2019Allemagne sont aux deux tiers des partisans d\u2019Erdogan est un peu court. Sur les trois millions de personnes qui sont originaires de ce pays, la moiti\u00e9 n\u2019a pas la nationalit\u00e9 turque et ne peut donc pas participer aux \u00e9lections.<\/p>\n\n\n\n<p>De plus, la participation n\u2019a \u00e9t\u00e9 que de 50 % parmi les 1,5 million \u00e9lecteurs turcs en Allemagne. \u00c0 l\u2019arriv\u00e9e, ce sont donc, 500 000 personnes sur trois millions qui ont vot\u00e9 pour le pr\u00e9sident Erdogan. Mais bien s\u00fbr, cela ne signifie pas que des non-\u00e9lecteurs ne soutiennent pas le chef de l\u2019\u00c9tat turc.<\/p>\n\n\n\n<h2 class=\"wp-block-heading\">Malaise dans le monde politique allemand<\/h2>\n\n\n\n<p>Pourtant, ce soutien en faveur du pr\u00e9sident turc a suscit\u00e9 des critiques, voire des pol\u00e9miques. Et pas forc\u00e9ment uniquement dans le camp conservateur. Le ministre de l\u2019Agriculture, le vert&nbsp;<strong><a href=\"http:\/\/www1.rfi.fr\/actufr\/articles\/107\/article_74878.asp\" target=\"_blank\" rel=\"noreferrer noopener\">Cem \u00d6zdemir<\/a><\/strong>, lui-m\u00eame d\u2019origine turque, a r\u00e9agi sur Twitter avec ses mots&nbsp;: \u00ab&nbsp;<em>Soyons honn\u00eates avec nous-m\u00eames&nbsp;: ces supporters d\u2019Erdogan qui c\u00e9l\u00e8brent sa victoire dans nos rues expriment en m\u00eame temps leur rejet de notre d\u00e9mocratie. Comme l\u2019extr\u00eame-droite. Cela doit nous inqui\u00e9ter&nbsp;<\/em>\u00bb. Le pr\u00e9sident de la communaut\u00e9 turque allemande a critiqu\u00e9 une r\u00e9action qui renforcerait les supporters d\u2019Erdogan dans leur soutien au pr\u00e9sident turc ainsi que leur sentiment d\u2019\u00eatre mal accept\u00e9s dans la soci\u00e9t\u00e9 allemande.&nbsp;<\/p>\n\n\n\n<p>\u00c0 droite, le vote de la diaspora turque est utilis\u00e9 pour d\u00e9noncer la r\u00e9forme du gouvernement qui doit permettre des naturalisations plus rapides et la double nationalit\u00e9. Le quotidien \u00e0 sensation&nbsp;<a href=\"https:\/\/www.bild.de\/politik\/inland\/politik-inland\/faesers-einbuergerungs-plan-werden-viele-erdogan-waehler-bald-deutsche-84113080.bild.html\" target=\"_blank\" rel=\"noreferrer noopener\"><em><strong>Bild<\/strong><\/em><\/a>&nbsp;titrait hier&nbsp;: \u00ab&nbsp;<em>Beaucoup de supporters d\u2019Erdogan vont-ils devenir Allemands&nbsp;?<\/em>&nbsp;\u00bb&nbsp;&nbsp;<\/p>\n","protected":false},"excerpt":{"rendered":"<p>Les \u00e9lections en Turquie qui ont d\u00e9bouch\u00e9 sur une nouvelle victoire du pr\u00e9sident Erdogan ont \u00e9t\u00e9 intens\u00e9ment suivies en Allemagne,<\/p>\n","protected":false},"author":1,"featured_media":13210,"comment_status":"open","ping_status":"open","sticky":false,"template":"","format":"standard","meta":{"footnotes":""},"categories":[51],"tags":[],"class_list":["post-13209","post","type-post","status-publish","format-standard","has-post-thumbnail","hentry","category-general"],"_links":{"self":[{"href":"https:\/\/dekkbi.com\/index.php?rest_route=\/wp\/v2\/posts\/13209","targetHints":{"allow":["GET"]}}],"collection":[{"href":"https:\/\/dekkbi.com\/index.php?rest_route=\/wp\/v2\/posts"}],"about":[{"href":"https:\/\/dekkbi.com\/index.php?rest_route=\/wp\/v2\/types\/post"}],"author":[{"embeddable":true,"href":"https:\/\/dekkbi.com\/index.php?rest_route=\/wp\/v2\/users\/1"}],"replies":[{"embeddable":true,"href":"https:\/\/dekkbi.com\/index.php?rest_route=%2Fwp%2Fv2%2Fcomments&post=13209"}],"version-history":[{"count":1,"href":"https:\/\/dekkbi.com\/index.php?rest_route=\/wp\/v2\/posts\/13209\/revisions"}],"predecessor-version":[{"id":13211,"href":"https:\/\/dekkbi.com\/index.php?rest_route=\/wp\/v2\/posts\/13209\/revisions\/13211"}],"wp:featuredmedia":[{"embeddable":true,"href":"https:\/\/dekkbi.com\/index.php?rest_route=\/wp\/v2\/media\/13210"}],"wp:attachment":[{"href":"https:\/\/dekkbi.com\/index.php?rest_route=%2Fwp%2Fv2%2Fmedia&parent=13209"}],"wp:term":[{"taxonomy":"category","embeddable":true,"href":"https:\/\/dekkbi.com\/index.php?rest_route=%2Fwp%2Fv2%2Fcategories&post=13209"},{"taxonomy":"post_tag","embeddable":true,"href":"https:\/\/dekkbi.com\/index.php?rest_route=%2Fwp%2Fv2%2Ftags&post=13209"}],"curies":[{"name":"wp","href":"https:\/\/api.w.org\/{rel}","templated":true}]}}