{"id":13206,"date":"2023-06-01T10:36:09","date_gmt":"2023-06-01T10:36:09","guid":{"rendered":"https:\/\/dekkbi.com\/?p=13206"},"modified":"2023-06-01T10:36:11","modified_gmt":"2023-06-01T10:36:11","slug":"violation-des-aires-marines-protegees-le-ministre-de-la-peche-brandit-des-menaces-contre-les-auteurs","status":"publish","type":"post","link":"https:\/\/dekkbi.com\/?p=13206","title":{"rendered":"Violation des aires marines prot\u00e9g\u00e9es : Le ministre de la P\u00eache brandit des menaces contre les auteurs"},"content":{"rendered":"\n<h3 class=\"wp-block-heading\">Sud Quotidien-Le ministre de la P\u00eache et de l\u2019\u00e9conomie maritime a brandi les menaces contre les auteurs des infractions contre les aires marines prot\u00e9g\u00e9es. Pape Sagna Mbaye pr\u00e9sidait une rencontre avec les comit\u00e9s locaux de p\u00eache artisanale, en pr\u00e9lude au Conseil pr\u00e9sidentiel sur la p\u00eache annonc\u00e9e. La rencontre s\u2019est tenue \u00e0 la sph\u00e8re minist\u00e9rielle de Diamniadio<\/h3>\n\n\n\n<p><\/p>\n\n\n\n<p>L e ministre de la P\u00eache et de l\u2019\u00e9conomie maritime promet de s\u00e9vir contre les p\u00eacheurs qui violent l\u2019espace des aires marines prot\u00e9g\u00e9es. C\u2019est une r\u00e9ponse aux pr\u00e9occupations des acteurs de la p\u00eache artisanale qui s\u2019inqui\u00e8tent de la pr\u00e9servation de la ressource. Pape Sagna Mbaye qui rencontrait les d\u00e9l\u00e9gations des 42 Comit\u00e9s Locaux de P\u00eache Artisanale (CPLA) a profit\u00e9 de l\u2019occasion pour avertir les contrevenants \u00e0 l\u2019interdiction de la p\u00eache dans les nurseries.<\/p>\n\n\n\n<p>\u00ab Dans l\u2019ensemble des aires prot\u00e9g\u00e9es, nous avons vu une abondance de juv\u00e9niles. Ce qui augure d\u2019une tr\u00e8s bonne campagne de p\u00eache. Mais il faudrait laisser ces juv\u00e9niles se d\u00e9velopper. Ils ont d\u00e9nonc\u00e9 certaines pratiques des acteurs de la p\u00eache artisanale qui se permettent d\u2019attaquer les nurseries, ce qui n\u2019est pas admissible. La Direction de la surveillance des p\u00eaches est \u00e0 pied d\u2019\u0153uvre pour arraisonner ces pirogues et leur infliger les amendes qu\u2019il faut et il n\u2019est pas exclu des peines d\u2019emprisonnement parce ce sont des actes criminels qui sont pos\u00e9es. Et c\u2019est inacceptable que cela continue \u00bb, a dit<\/p>\n\n\n\n<p>Pape Sagna Mbaye. Au cours de cette rencontre, les acteurs de la p\u00eache artisanale ont \u00e9tal\u00e9 leurs inqui\u00e9tudes par rapport aux conflits et la s\u00e9curit\u00e9 en haute mer.<\/p>\n\n\n\n<p>\u00ab Nous saluons l\u2019initiative du ministre qui nous a \u00e9cout\u00e9s et a pris note de nos dol\u00e9ances et a promis d\u2019organiser des rencontres p\u00e9riodiques tous les 04 mois et deux assembl\u00e9es g\u00e9n\u00e9rales pendant l\u2019ann\u00e9e. Les difficult\u00e9s tournent autour de la gestion de la ressource, de sa pr\u00e9servation, de la s\u00e9curit\u00e9 en mer, notamment de la g\u00e9olocalisation et surtout du statut des p\u00eacheurs mais aussi des conflits entre les p\u00eacheurs \u00bb, a dit Mari\u00e8me Diaw, deuxi\u00e8me coordonnatrice du r\u00e9seau national des CLP<\/p>\n\n\n\n<p>Le ministre a soulign\u00e9 que cette rencontre est une d\u2019importance capitale car la p\u00eache artisanale repr\u00e9sente 83% des captures : \u00ab ils sont meilleurs interlocuteurs \u00bb.<\/p>\n\n\n\n<p>Dans ce sens, Pape Sagna Mbaye a promis de prendre en compte tout ce qui a \u00e9t\u00e9 exprim\u00e9 par les acteurs et a annonc\u00e9 des rencontres p\u00e9riodiques avec le bureau national des CLPA en plus de deux assembl\u00e9es g\u00e9n\u00e9rales annuelles pour faire le bilan de l\u2019ex\u00e9cution des engagements en conformit\u00e9 avec le chronogramme arr\u00eat\u00e9 de concert avec l\u2019ensemble des acteurs de la p\u00eache artisanale<br>Sud quotidien<\/p>\n","protected":false},"excerpt":{"rendered":"<p>Sud Quotidien-Le ministre de la P\u00eache et de l\u2019\u00e9conomie maritime a brandi les menaces contre les auteurs des infractions contre<\/p>\n","protected":false},"author":1,"featured_media":12682,"comment_status":"open","ping_status":"open","sticky":false,"template":"","format":"standard","meta":{"footnotes":""},"categories":[3],"tags":[],"class_list":["post-13206","post","type-post","status-publish","format-standard","has-post-thumbnail","hentry","category-event-more-news"],"_links":{"self":[{"href":"https:\/\/dekkbi.com\/index.php?rest_route=\/wp\/v2\/posts\/13206","targetHints":{"allow":["GET"]}}],"collection":[{"href":"https:\/\/dekkbi.com\/index.php?rest_route=\/wp\/v2\/posts"}],"about":[{"href":"https:\/\/dekkbi.com\/index.php?rest_route=\/wp\/v2\/types\/post"}],"author":[{"embeddable":true,"href":"https:\/\/dekkbi.com\/index.php?rest_route=\/wp\/v2\/users\/1"}],"replies":[{"embeddable":true,"href":"https:\/\/dekkbi.com\/index.php?rest_route=%2Fwp%2Fv2%2Fcomments&post=13206"}],"version-history":[{"count":1,"href":"https:\/\/dekkbi.com\/index.php?rest_route=\/wp\/v2\/posts\/13206\/revisions"}],"predecessor-version":[{"id":13207,"href":"https:\/\/dekkbi.com\/index.php?rest_route=\/wp\/v2\/posts\/13206\/revisions\/13207"}],"wp:featuredmedia":[{"embeddable":true,"href":"https:\/\/dekkbi.com\/index.php?rest_route=\/wp\/v2\/media\/12682"}],"wp:attachment":[{"href":"https:\/\/dekkbi.com\/index.php?rest_route=%2Fwp%2Fv2%2Fmedia&parent=13206"}],"wp:term":[{"taxonomy":"category","embeddable":true,"href":"https:\/\/dekkbi.com\/index.php?rest_route=%2Fwp%2Fv2%2Fcategories&post=13206"},{"taxonomy":"post_tag","embeddable":true,"href":"https:\/\/dekkbi.com\/index.php?rest_route=%2Fwp%2Fv2%2Ftags&post=13206"}],"curies":[{"name":"wp","href":"https:\/\/api.w.org\/{rel}","templated":true}]}}