{"id":13204,"date":"2023-06-01T10:34:39","date_gmt":"2023-06-01T10:34:39","guid":{"rendered":"https:\/\/dekkbi.com\/?p=13204"},"modified":"2023-06-01T10:34:41","modified_gmt":"2023-06-01T10:34:41","slug":"pape-mademba-biteye-lance-les-travaux-dextension-electrique-a-missirah-wadene-et-dimiskha-1000-ames-vers-un-acces-universel-a-lelectricite","status":"publish","type":"post","link":"https:\/\/dekkbi.com\/?p=13204","title":{"rendered":"Pape Mademba Bit\u00e8ye lance les travaux d\u2019extension \u00e9lectrique \u00e0 Missirah Wadene et Dimiskha : 1000 \u00e2mes vers un acc\u00e8s universel \u00e0 l\u2019\u00e9lectricit\u00e9"},"content":{"rendered":"\n<h3 class=\"wp-block-heading\">Le directeur g\u00e9n\u00e9ral de la Senelec, Pape Mademba Bit\u00e8ye, a proc\u00e9d\u00e9, en d\u00e9but de semaine dernier, au lancement officiel de la phase d\u2019extension du programme d\u2019\u00e9lectrification des communes de Missirah Wad\u00e8ne et Dimiskha, r\u00e9gion de Kaffrine. Pr\u00e9sid\u00e9e par le ministre de l\u2019Urbanisme, du logement et de l\u2019hygi\u00e8ne publique, Abdoulaye Saydou Sow, cette c\u00e9r\u00e9monie \u00e9tait une occasion de corriger une vieille revendication brandie par les populations de ces localit\u00e9s depuis plusieurs d\u00e9cennies et qui commence \u00e0 trouver une issue favorable gr\u00e2ce au programme d\u2019acc\u00e8s universel \u00e0 l\u2019\u00e9nergie.<\/h3>\n\n\n\n<p>Ainsi, pr\u00e9vue pour soulager une population de plus de 10.000 personnes, cette d\u00e9cision de r\u00e9\u00e9quilibrer les disparit\u00e9s sociales entre les villages et les cit\u00e9s urbaines ob\u00e9it \u00e0 la fois \u00e0 la d\u00e9cision de l\u2019\u00c9tat et ses partenaires au d\u00e9veloppement de mettre fin d\u00e9finitivement aux difficult\u00e9s rencontr\u00e9es par les populations dans ce domaine, dans leur quotidien.<\/p>\n\n\n\n<p>Car, au-del\u00e0 de l\u2019all\u00e8gement des travaux attribu\u00e9s aux femmes, elle va aussi satisfaire les populations qui se trouvaient dans l\u2019obligation de parcourir plusieurs kilom\u00e8tres pour recharger leurs t\u00e9l\u00e9phones portables ou se connecter \u00e0 l\u2019Internet. Aussi les \u00e9tablissements scolaires qui, faute d\u2019acc\u00e8s aux nouvelles technologies de l\u2019information et de la communication, ne sont jamais parvenus \u00e0 d\u00e9velopper les apprentissages qui d\u00e9pendent naturellement de la connexion \u00e0 Internet.<\/p>\n\n\n\n<p>Il faut cependant souligner que le raccordement des communes de Missirah Wad\u00e8ne et Dimiskha au r\u00e9seau \u00e9lectrique est une composante du Projet d\u2019am\u00e9lioration de l\u2019acc\u00e8s \u00e0 l\u2019\u00e9lectricit\u00e9 dans les zones p\u00e9riurbaines et rurales (Pamacel).<\/p>\n\n\n\n<p>Ce projet, qui est financ\u00e9 \u00e0 hauteur de 50 milliards de FCFA par l\u2019\u00c9tat du S\u00e9n\u00e9gal et la Banque Africaine de d\u00e9veloppement (Bad), se fixe trois (3) objectifs majeurs : accro\u00eetre le taux d\u2019acc\u00e8s \u00e0 l\u2019\u00e9lectricit\u00e9 de 60 \u00e0 75 avec le raccordement de 75.000 nouveaux abonn\u00e9s ; initier le remplacement de 25.000 compteurs post-pay\u00e9s par d\u2019autres \u00e0 pr\u00e9paiement intelligents ; et la r\u00e9duction de 23 \u00e0 15 du taux de pertes globales d\u2019\u00e9nergie \u00e9lectrique dans les collectivit\u00e9s concern\u00e9es.<\/p>\n\n\n\n<p>Dans cette perspective, il est pr\u00e9vu la connexion de 786 localit\u00e9s dont 427 dans la zone Centre-Est et Sud. La finalit\u00e9 de ce programme est de r\u00e9habiliter et \u00e9tendre les r\u00e9seaux de distribution basse et moyenne tension partout au S\u00e9n\u00e9gal, en particulier dans la zone Centre Est o\u00f9 les communes de Missirah Wad\u00e8ne et Dimiskha constituent la primeur des priorit\u00e9s.<br>Sud Quotidien<\/p>\n","protected":false},"excerpt":{"rendered":"<p>Le directeur g\u00e9n\u00e9ral de la Senelec, Pape Mademba Bit\u00e8ye, a proc\u00e9d\u00e9, en d\u00e9but de semaine dernier, au lancement officiel de<\/p>\n","protected":false},"author":1,"featured_media":6702,"comment_status":"open","ping_status":"open","sticky":false,"template":"","format":"standard","meta":{"footnotes":""},"categories":[3],"tags":[],"class_list":["post-13204","post","type-post","status-publish","format-standard","has-post-thumbnail","hentry","category-event-more-news"],"_links":{"self":[{"href":"https:\/\/dekkbi.com\/index.php?rest_route=\/wp\/v2\/posts\/13204","targetHints":{"allow":["GET"]}}],"collection":[{"href":"https:\/\/dekkbi.com\/index.php?rest_route=\/wp\/v2\/posts"}],"about":[{"href":"https:\/\/dekkbi.com\/index.php?rest_route=\/wp\/v2\/types\/post"}],"author":[{"embeddable":true,"href":"https:\/\/dekkbi.com\/index.php?rest_route=\/wp\/v2\/users\/1"}],"replies":[{"embeddable":true,"href":"https:\/\/dekkbi.com\/index.php?rest_route=%2Fwp%2Fv2%2Fcomments&post=13204"}],"version-history":[{"count":1,"href":"https:\/\/dekkbi.com\/index.php?rest_route=\/wp\/v2\/posts\/13204\/revisions"}],"predecessor-version":[{"id":13205,"href":"https:\/\/dekkbi.com\/index.php?rest_route=\/wp\/v2\/posts\/13204\/revisions\/13205"}],"wp:featuredmedia":[{"embeddable":true,"href":"https:\/\/dekkbi.com\/index.php?rest_route=\/wp\/v2\/media\/6702"}],"wp:attachment":[{"href":"https:\/\/dekkbi.com\/index.php?rest_route=%2Fwp%2Fv2%2Fmedia&parent=13204"}],"wp:term":[{"taxonomy":"category","embeddable":true,"href":"https:\/\/dekkbi.com\/index.php?rest_route=%2Fwp%2Fv2%2Fcategories&post=13204"},{"taxonomy":"post_tag","embeddable":true,"href":"https:\/\/dekkbi.com\/index.php?rest_route=%2Fwp%2Fv2%2Ftags&post=13204"}],"curies":[{"name":"wp","href":"https:\/\/api.w.org\/{rel}","templated":true}]}}