{"id":13192,"date":"2023-06-01T10:23:06","date_gmt":"2023-06-01T10:23:06","guid":{"rendered":"https:\/\/dekkbi.com\/?p=13192"},"modified":"2023-06-01T10:23:07","modified_gmt":"2023-06-01T10:23:07","slug":"presidentielle-2024-les-assurances-de-macky-sall","status":"publish","type":"post","link":"https:\/\/dekkbi.com\/?p=13192","title":{"rendered":"Pr\u00e9sidentielle 2024: les assurances de Macky Sall"},"content":{"rendered":"\n<p>iGFM (Dakar) Le gouvernement du S\u00e9n\u00e9gal prendra toutes les dispositions pour organiser une \u00e9lection paisible, a rassur\u00e9, mercredi, au Palais, le Pr\u00e9sident Macky Sall, lors de l&rsquo;ouverture du dialogue national.<\/p>\n\n\n\n<p>Dans son discours, le Chef de l&rsquo;Etat a commenc\u00e9 par rappeler le sens du dialogue national qui regroupe, ce jour, les acteurs politiques, le forum du justiciable, les religieux&#8230;. Selon lui, l&rsquo;\u00e9ch\u00e9ance \u00e9lectorale du 25 f\u00e9vrier 2024, est un \u00e9l\u00e9ment fort pour le dialogue national. C&rsquo;est d&rsquo;ailleurs pour cette raison qu&rsquo;il a tent\u00e9 de rassurer : \u00ab\u00a0le gouvernement prendra toutes les dispositions pour organiser une \u00e9lection paisible, libre et transparente comme il sait le faire\u00a0\u00bb.<br><br>Quant au dialogue politique, le Pr\u00e9sident de la R\u00e9publique a recommand\u00e9 de mener \u00ab\u00a0les concertations de fa\u00e7on \u00e0 consolider nos acquis d\u00e9mocratiques par de nouveaux consensus sur le code \u00e9lectoral, le processus \u00e9lectoral et les droits civiques et politiques\u00a0\u00bb.<br><br>D\u00e9signant l\u2019ancien pr\u00e9sident de l\u2019Assembl\u00e9e nationale, Moustapha Niasse pour le repr\u00e9senter au dialogue politique, le Chef de l&rsquo;Etat souhaite qu&rsquo;un \u00ab\u00a0dialogue soit inclusif en int\u00e9grant au bloc compos\u00e9 de la majorit\u00e9 pr\u00e9sidentielle de l\u2019opposition et des non-align\u00e9s, les repr\u00e9sentants des guides religieux, coutumiers ainsi que la soci\u00e9t\u00e9 civile\u00a0\u00bb. Selon Macky Sall, il n&rsquo;y a \u00ab\u00a0pas de d\u00e9mocratie sans libert\u00e9 comme il ne peut y avoir de libert\u00e9 sans responsabilit\u00e9.\u00a0\u00bb<br><br>S&rsquo;agissant des termes de r\u00e9f\u00e9rence \u00e9voqu\u00e9s par le maire de Dakar Barth\u00e9lemy Dias \u00e0 la veille du dialogue, le Pr\u00e9sident de la R\u00e9publique a tenu \u00e0 pr\u00e9ciser que ces derniers \u00ab\u00a0ne peuvent sortir sans qu&rsquo;il y ait discussions.\u00a0\u00bb<br><br>A noter que le Pr\u00e9sident s\u00e9n\u00e9galais a saison cette occasion pour annoncer la mise en en place des commissions politiques, \u00e9conomiques et sociales, cadre de vie et environnement, des commissions paix et s\u00e9curit\u00e9, ressources naturelles, bonne gouvernance et lutte contre la corruption, la commission administration et d\u00e9centralisation, territorialisation des politiques et d\u00e9fenses publiques et une commission de synth\u00e8se.<\/p>\n","protected":false},"excerpt":{"rendered":"<p>iGFM (Dakar) Le gouvernement du S\u00e9n\u00e9gal prendra toutes les dispositions pour organiser une \u00e9lection paisible, a rassur\u00e9, mercredi, au Palais,<\/p>\n","protected":false},"author":1,"featured_media":1931,"comment_status":"open","ping_status":"open","sticky":false,"template":"","format":"standard","meta":{"footnotes":""},"categories":[6],"tags":[],"class_list":["post-13192","post","type-post","status-publish","format-standard","has-post-thumbnail","hentry","category-politics"],"_links":{"self":[{"href":"https:\/\/dekkbi.com\/index.php?rest_route=\/wp\/v2\/posts\/13192","targetHints":{"allow":["GET"]}}],"collection":[{"href":"https:\/\/dekkbi.com\/index.php?rest_route=\/wp\/v2\/posts"}],"about":[{"href":"https:\/\/dekkbi.com\/index.php?rest_route=\/wp\/v2\/types\/post"}],"author":[{"embeddable":true,"href":"https:\/\/dekkbi.com\/index.php?rest_route=\/wp\/v2\/users\/1"}],"replies":[{"embeddable":true,"href":"https:\/\/dekkbi.com\/index.php?rest_route=%2Fwp%2Fv2%2Fcomments&post=13192"}],"version-history":[{"count":1,"href":"https:\/\/dekkbi.com\/index.php?rest_route=\/wp\/v2\/posts\/13192\/revisions"}],"predecessor-version":[{"id":13193,"href":"https:\/\/dekkbi.com\/index.php?rest_route=\/wp\/v2\/posts\/13192\/revisions\/13193"}],"wp:featuredmedia":[{"embeddable":true,"href":"https:\/\/dekkbi.com\/index.php?rest_route=\/wp\/v2\/media\/1931"}],"wp:attachment":[{"href":"https:\/\/dekkbi.com\/index.php?rest_route=%2Fwp%2Fv2%2Fmedia&parent=13192"}],"wp:term":[{"taxonomy":"category","embeddable":true,"href":"https:\/\/dekkbi.com\/index.php?rest_route=%2Fwp%2Fv2%2Fcategories&post=13192"},{"taxonomy":"post_tag","embeddable":true,"href":"https:\/\/dekkbi.com\/index.php?rest_route=%2Fwp%2Fv2%2Ftags&post=13192"}],"curies":[{"name":"wp","href":"https:\/\/api.w.org\/{rel}","templated":true}]}}