{"id":13159,"date":"2023-05-31T09:55:34","date_gmt":"2023-05-31T09:55:34","guid":{"rendered":"https:\/\/dekkbi.com\/?p=13159"},"modified":"2023-05-31T09:55:35","modified_gmt":"2023-05-31T09:55:35","slug":"roland-garros-avec-sa-sortie-sur-le-kosovo-djokovic-ravive-sa-sulfureuse-reputation","status":"publish","type":"post","link":"https:\/\/dekkbi.com\/?p=13159","title":{"rendered":"Roland-Garros: avec sa sortie sur le Kosovo, Djokovic ravive sa sulfureuse r\u00e9putation"},"content":{"rendered":"\n<p>Une nouvelle sortie du cadre et une nouvelle pol\u00e9mique: la phrase de Novak Djokovic apr\u00e8s son match \u00e0 Roland-Garros lundi \u00e0 propos du Kosovo, \u00ab\u00a0le c\u0153ur de la Serbie\u00a0\u00bb, alimente une nouvelle fois l&rsquo;image de ce joueur hors norme, ma\u00eetre dans l&rsquo;art de la controverse.<\/p>\n\n\n\n<p>La qu\u00eate de son 23e Grand Chelem sur l&rsquo;ocre parisienne, un titre qui repr\u00e9senterait l&rsquo;un des plus grands exploits dans l&rsquo;histoire du sport, n&rsquo;a pas \u00e9teint ce feu provocateur qui caract\u00e9rise le Serbe, \u00e0 la carri\u00e8re \u00e9maill\u00e9e de pol\u00e9miques, de malentendus, de faux pas et d&rsquo;incompr\u00e9hensions.<\/p>\n\n\n\n<p>Apr\u00e8s son match remport\u00e9 lundi face \u00e0 l&rsquo;Am\u00e9ricain Aleksandar Kovacevic 6-3, 6-2, 7-6 (7\/1), le Serbe, arm\u00e9 de son marqueur, a inscrit quelques mots en cyrillique sur la cam\u00e9ra du court Philippe-Chatrier.<\/p>\n\n\n\n<p>Des mots en guise de message politique: \u00ab\u00a0Le Kosovo c&rsquo;est le c\u0153ur de la Serbie! Stop \u00e0 la violence.\u00a0\u00bb Cette sortie du N.3 mondial intervient alors que le nord du Kosovo est le th\u00e9\u00e2tre depuis plusieurs jours d&rsquo;affrontements entre des membres de la force internationale emmen\u00e9e par l&rsquo;Otan (KFOR) et des manifestants serbes qui r\u00e9clament le d\u00e9part de maires albanais de la localit\u00e9.<\/p>\n\n\n\n<h2 class=\"wp-block-heading\">\u00ab\u00a0Pas un politicien\u00a0\u00bb<\/h2>\n\n\n\n<p>Le joueur s&rsquo;est justifi\u00e9 ensuite en conf\u00e9rence de presse devant les journalistes serbes. \u00ab\u00a0C&rsquo;est un sujet sensible. Je ressens une responsabilit\u00e9 suppl\u00e9mentaire en tant que personnalit\u00e9 publique et en tant que fils d&rsquo;un homme n\u00e9 au Kosovo d&rsquo;apporter mon soutien \u00e0 tout le peuple serbe. C&rsquo;est le moins que je puisse faire. Je ne suis pas un politicien et je n&rsquo;ai pas l&rsquo;intention d&rsquo;engager un d\u00e9bat\u00a0\u00bb, a-t-il dit.<\/p>\n\n\n\n<p>Ce n&rsquo;est pourtant pas la premi\u00e8re fois que le joueur parle du Kosovo: en janvier 2008, apr\u00e8s sa premi\u00e8re victoire en Grand Chelem \u00e0 l&rsquo;Open d&rsquo;Australie, il avait d\u00e9clar\u00e9: \u00ab\u00a0Le Kosovo est la Serbie.\u00a0\u00bb La Serbie, soutenue par ses alli\u00e9s russe et chinois, n&rsquo;a jamais reconnu l&rsquo;ind\u00e9pendance proclam\u00e9e en 2008 par son ancienne province et des tensions \u00e9clatent r\u00e9guli\u00e8rement entre Belgrade et Pristina.<\/p>\n\n\n\n<p>La charte d&rsquo;\u00e9thique de Roland-Garros proscrit les prises de position politique ou religieuse. Mais la FFT a publi\u00e9 un communiqu\u00e9 assez sibyllin, sans aborder la question d&rsquo;une \u00e9ventuelle sanction: \u00ab\u00a0Les d\u00e9bats qui traversent l&rsquo;actualit\u00e9 internationale s&rsquo;invitent parfois en marge du tournoi, c&rsquo;est compr\u00e9hensible\u00a0\u00bb, a simplement d\u00e9clar\u00e9 la f\u00e9d\u00e9ration.<\/p>\n\n\n\n<p>\u00ab\u00a0La phrase de Djokovic, ce n&rsquo;est pas une surprise, d\u00e9crypte pour l&rsquo;AFP Lukas Macek, chercheur \u00e0 l&rsquo;Institut Jacques Delors bas\u00e9 \u00e0 Paris. Novak est quelqu&rsquo;un qui a des liens par rapport \u00e0 certains milieux nationalistes serbes, et ses positions vont souvent dans le sens des nationalistes. Mais sur la question du Kosovo, m\u00eame pour des Serbes tr\u00e8s mod\u00e9r\u00e9s, on sent que \u00e7a reste une blessure, un sujet d\u00e9licat et douloureux.\u00a0\u00bb<\/p>\n\n\n\n<p>Une question aussi sensible pour les Kosovars: une peinture murale \u00e0 l&rsquo;effigie de Djokovic a \u00e9t\u00e9 vandalis\u00e9e dans la nuit de lundi \u00e0 mardi sur un immeuble \u00e0 Orahovac, petite ville dans le sud-ouest du Kosovo o\u00f9 plusieurs centaines de Serbes vivent aux c\u00f4t\u00e9s des Albanais, majoritaires, selon la t\u00e9l\u00e9vision nationale serbe.<\/p>\n\n\n\n<p>\u00ab\u00a0Je pense qu&rsquo;il y a une partie de l&rsquo;opinion publique serbe qui voit en Djokovic une ic\u00f4ne sportive. Il a une popularit\u00e9 qui va au-del\u00e0 des pr\u00e9f\u00e9rences politiques. Apr\u00e8s, il y a un peu un autre Djokovic, qui g\u00eane une partie de ses fans et qui en exaltent d&rsquo;autres, et c&rsquo;\u00e9tait notamment visible sur la partie vaccins\u00a0\u00bb, estime le chercheur.<\/p>\n\n\n\n<h2 class=\"wp-block-heading\">\u00ab\u00a0C\u00f4t\u00e9 provocateur\u00a0\u00bb<\/h2>\n\n\n\n<p>Sa position contre le vaccin anti-Covid lui a pourtant co\u00fbt\u00e9 cher, avec plusieurs jours de r\u00e9tention et son expulsion hyper m\u00e9diatis\u00e9e d&rsquo;Australie en janvier 2022. Une s\u00e9quence rocambolesque fondatrice d&rsquo;une stature complotiste pour certains.<\/p>\n\n\n\n<p>\u00ab\u00a0Il a surtout des prises de position qui ne sont pas dans le +mainstream occidental+. Il y a un c\u00f4t\u00e9 provocateur chez lui, ind\u00e9niablement, analyse Lukas Macek. Son +Covid-Tour+ organis\u00e9 en ex-Yougosalvie en pleine pand\u00e9mie, qui a vir\u00e9 au cluster, illustre parfaitement ces asp\u00e9rit\u00e9s.\u00a0\u00bb<\/p>\n\n\n\n<p>Sa disqualification lors de son huiti\u00e8me de finale de l&rsquo;US Open 2020 apr\u00e8s avoir envoy\u00e9 involontairement une balle sur une juge de ligne dans un geste de col\u00e8re avait d\u00e9j\u00e0 inscrit Djokovic sur une liste restreinte de joueurs au caract\u00e8re tremp\u00e9, que ses nombreux jets de raquettes avaient laiss\u00e9 percer.<\/p>\n\n\n\n<p>Dans les coulisses, ses tentatives pour r\u00e9organiser le circuit n&rsquo;ont pas eu l&rsquo;\u00e9cho recherch\u00e9 non plus. Sa personnalit\u00e9, probablement une \u00e9nigme pour beaucoup, \u00ab\u00a0semble lui couper les ponts d&rsquo;une popularit\u00e9 \u00e0 la hauteur de son talent\u00a0\u00bb, avait estim\u00e9 il y a quelques ann\u00e9es un directeur de tournoi. Ce jugement pourrait peut-\u00eatre changer en cas de victoire Porte d&rsquo;Auteuil.<\/p>\n\n\n\n<p>SOURCE TV5.ORG<\/p>\n","protected":false},"excerpt":{"rendered":"<p>Une nouvelle sortie du cadre et une nouvelle pol\u00e9mique: la phrase de Novak Djokovic apr\u00e8s son match \u00e0 Roland-Garros lundi<\/p>\n","protected":false},"author":1,"featured_media":13160,"comment_status":"open","ping_status":"open","sticky":false,"template":"","format":"standard","meta":{"footnotes":""},"categories":[9],"tags":[],"class_list":["post-13159","post","type-post","status-publish","format-standard","has-post-thumbnail","hentry","category-sports"],"_links":{"self":[{"href":"https:\/\/dekkbi.com\/index.php?rest_route=\/wp\/v2\/posts\/13159","targetHints":{"allow":["GET"]}}],"collection":[{"href":"https:\/\/dekkbi.com\/index.php?rest_route=\/wp\/v2\/posts"}],"about":[{"href":"https:\/\/dekkbi.com\/index.php?rest_route=\/wp\/v2\/types\/post"}],"author":[{"embeddable":true,"href":"https:\/\/dekkbi.com\/index.php?rest_route=\/wp\/v2\/users\/1"}],"replies":[{"embeddable":true,"href":"https:\/\/dekkbi.com\/index.php?rest_route=%2Fwp%2Fv2%2Fcomments&post=13159"}],"version-history":[{"count":1,"href":"https:\/\/dekkbi.com\/index.php?rest_route=\/wp\/v2\/posts\/13159\/revisions"}],"predecessor-version":[{"id":13161,"href":"https:\/\/dekkbi.com\/index.php?rest_route=\/wp\/v2\/posts\/13159\/revisions\/13161"}],"wp:featuredmedia":[{"embeddable":true,"href":"https:\/\/dekkbi.com\/index.php?rest_route=\/wp\/v2\/media\/13160"}],"wp:attachment":[{"href":"https:\/\/dekkbi.com\/index.php?rest_route=%2Fwp%2Fv2%2Fmedia&parent=13159"}],"wp:term":[{"taxonomy":"category","embeddable":true,"href":"https:\/\/dekkbi.com\/index.php?rest_route=%2Fwp%2Fv2%2Fcategories&post=13159"},{"taxonomy":"post_tag","embeddable":true,"href":"https:\/\/dekkbi.com\/index.php?rest_route=%2Fwp%2Fv2%2Ftags&post=13159"}],"curies":[{"name":"wp","href":"https:\/\/api.w.org\/{rel}","templated":true}]}}